{"id":27080,"date":"2024-07-02T04:53:00","date_gmt":"2024-07-02T04:53:00","guid":{"rendered":"https:\/\/chicagodesavanja.us\/biden-niko-nije-iznad-zakona-cak-ni-predsednik-sad-video\/"},"modified":"2024-07-02T04:53:00","modified_gmt":"2024-07-02T04:53:00","slug":"biden-niko-nije-iznad-zakona-cak-ni-predsednik-sad-video","status":"publish","type":"post","link":"https:\/\/chicagodesavanja.us\/en\/vesti\/biden-niko-nije-iznad-zakona-cak-ni-predsednik-sad-video\/","title":{"rendered":"Biden: Niko nije iznad zakona, \u010dak ni predsednik SAD (VIDEO)"},"content":{"rendered":"<p class=\"wp-block-paragraph\">Ameri\u010dki predsednik Joe Biden, nakon odluke Vrhovnog suda SAD kojom se Donald Trump-u i drugim predsednicima daje \u0161irok imunitet od krivi\u010dnog gonjenja, poru\u010dio je da je ta presuda podrila vladavinu prava.<\/p>\n\n\n\n<p class=\"wp-block-paragraph\">Sudska odluka \u010dini gotovo izvesnim da se Trump ne\u0107e suo\u010diti sa su\u0111enjem u Va\u0161ingtonu uo\u010di novembarskih izbora, na kojima je republikanski predsedni\u010dki kandidat, zbog njegovih postupaka tokom nasilnih nereda 6. januara 2021. godine, navodi Glas Amerike.<\/p>\n\n\n\n<figure class=\"wp-block-embed is-type-video is-provider-youtube wp-block-embed-youtube wp-embed-aspect-16-9 wp-has-aspect-ratio\"><div class=\"wp-block-embed__wrapper\">\n<iframe loading=\"lazy\" title=\"Biden responds to Supreme Court ruling on Trump immunity\" width=\"500\" height=\"281\" src=\"https:\/\/www.youtube.com\/embed\/1YBgjI9wTAA?feature=oembed\" frameborder=\"0\" allow=\"accelerometer; autoplay; clipboard-write; encrypted-media; gyroscope; picture-in-picture; web-share\" referrerpolicy=\"strict-origin-when-cross-origin\" allowfullscreen><\/iframe>\n<\/div><\/figure>\n\n\n\n<p class=\"wp-block-paragraph\">&#8222;Niko nije iznad zakona, \u010dak ni predsednik Sjedinjenih Dr\u017eava&#8220;, rekao je Biden u Beloj ku\u0107i.<\/p>\n\n\n\n<p class=\"wp-block-paragraph\">Tokom kratkog obra\u0107anja Biden nije pomenuo pro\u0161lonedeljnu debatu ili svoj nastup, i nije odgovarao na pitanja.<\/p>\n\n\n\n<p class=\"wp-block-paragraph\">&#8222;Znam da \u0107u po\u0161tovati ograni\u010denja predsedni\u010dke mo\u0107i kao \u0161to i jesam tokom tri i po godine, ali svaki predsednik, uklju\u010duju\u0107i Donald Trump-a, sada \u0107e biti slobodan da ignori\u0161e zakon&#8220;, rekao je Biden, prenosi Tanjug.<\/p>\n\n\n\n<p class=\"wp-block-paragraph\" style=\"font-size:10px\">SOURCE: <a href=\"https:\/\/www.politika.rs\/sr\/clanak\/621074\/Bajden-Niko-nije-iznad-zakona-cak-ni-predsednik-SAD\" target=\"_blank\" rel=\"noopener\">Politics<\/a> PHOTO: YOUTUBE SCREENSHOT<\/p>","protected":false},"excerpt":{"rendered":"<p>Ameri\u010dki predsednik Joe Biden, nakon odluke Vrhovnog suda SAD kojom se Donald Trump-u i drugim predsednicima daje \u0161irok imunitet od krivi\u010dnog gonjenja, poru\u010dio je da je ta presuda podrila vladavinu prava. Sudska odluka \u010dini gotovo izvesnim da se Trump ne\u0107e suo\u010diti sa su\u0111enjem u Va\u0161ingtonu uo\u010di novembarskih izbora, na kojima je republikanski predsedni\u010dki kandidat, zbog [&hellip;]<\/p>\n","protected":false},"author":3,"featured_media":0,"comment_status":"","ping_status":"","sticky":false,"template":"","format":"standard","meta":{"wpai_generated_summary":"","footnotes":""},"categories":[368,369],"tags":[538,2880,17239,3290,568,2761,6604,800],"class_list":["post-27080","post","type-post","status-publish","format-standard","hentry","category-vesti-amerika","category-vesti","tag-amerika","tag-bela-kuca","tag-biden","tag-odluka","tag-sad","tag-trump","tag-vrhovni-sud","tag-zakon"],"_links":{"self":[{"href":"https:\/\/chicagodesavanja.us\/en\/wp-json\/wp\/v2\/posts\/27080","targetHints":{"allow":["GET"]}}],"collection":[{"href":"https:\/\/chicagodesavanja.us\/en\/wp-json\/wp\/v2\/posts"}],"about":[{"href":"https:\/\/chicagodesavanja.us\/en\/wp-json\/wp\/v2\/types\/post"}],"author":[{"embeddable":true,"href":"https:\/\/chicagodesavanja.us\/en\/wp-json\/wp\/v2\/users\/3"}],"replies":[{"embeddable":true,"href":"https:\/\/chicagodesavanja.us\/en\/wp-json\/wp\/v2\/comments?post=27080"}],"version-history":[{"count":0,"href":"https:\/\/chicagodesavanja.us\/en\/wp-json\/wp\/v2\/posts\/27080\/revisions"}],"wp:attachment":[{"href":"https:\/\/chicagodesavanja.us\/en\/wp-json\/wp\/v2\/media?parent=27080"}],"wp:term":[{"taxonomy":"category","embeddable":true,"href":"https:\/\/chicagodesavanja.us\/en\/wp-json\/wp\/v2\/categories?post=27080"},{"taxonomy":"post_tag","embeddable":true,"href":"https:\/\/chicagodesavanja.us\/en\/wp-json\/wp\/v2\/tags?post=27080"}],"curies":[{"name":"WP","href":"https:\/\/api.w.org\/{rel}","templated":true}]}}