{"id":26949,"date":"2024-07-10T05:59:51","date_gmt":"2024-07-10T05:59:51","guid":{"rendered":"https:\/\/chicagodesavanja.us\/sahrana-omiljenog-doktora-milenka-lazarevica-15-jula-u-cikagu\/"},"modified":"2024-07-10T05:59:51","modified_gmt":"2024-07-10T05:59:51","slug":"sahrana-omiljenog-doktora-milenka-lazarevica-15-jula-u-cikagu","status":"publish","type":"post","link":"https:\/\/chicagodesavanja.us\/en\/vesti\/sahrana-omiljenog-doktora-milenka-lazarevica-15-jula-u-cikagu\/","title":{"rendered":"Sahrana voljenog doktora Milenka Lazarevi\u0107a 15. jula u \u010cikagu"},"content":{"rendered":"<p class=\"wp-block-paragraph\">Tu\u017ena vest da se iznenada, u svom rodnom gradu Beogradu 28. juna upokojio dobri i voljeni dr Laza &#8211; Milenko Lazarevi\u0107, posebno je pogodila mnoge ljude u \u010cikagu i \u0161ire.<\/p>\n\n\n\n<p class=\"wp-block-paragraph\">Dr. Milenko Lazarevi\u0107, internista, 2024. godine napunio je tri decenije svog rada u \u010cikagu. Pored privatne prakse, dr. Milenko Lazarevi\u0107 radio je u dve bolnice.<\/p>\n\n\n\n<p class=\"wp-block-paragraph\">Tako\u0111e, bio je predava\u010d na nekoliko univerziteta u ovom delu Amerike. Bio je istaknuti \u010dlan Srpsko-ameri\u010dkog lekarskog i stomatolo\u0161kog dru\u0161tva (Serbian-American Medical and Dental Society).<\/p>\n\n\n\n<p class=\"wp-block-paragraph\">Ovo udru\u017eenje je na pro\u0161logodi\u0161njoj lekarskoj slavi dodelilo Dr. Lazi priznanje \u201cProfesor dr. Radulova\u010dki\u201d, za nesebi\u010dnu pomo\u0107 mladim lekarima.<\/p>\n\n\n\n<p class=\"wp-block-paragraph\">Na svom \u017eivotnom putu on se istovremeno bavio i nau\u010dnim istra\u017eivanjem. Njegove studije su objavljene u American Journal of Medicine, Journal of Rheumatology, Srpski Arhiv za Celokupno Lekarstvo, Acta Rheumatologica. U saradnji sa Dr. Skosijem, kako ga je Dr. Lazarevi\u0107 nazivao, najve\u0107im \u017eivim reumatologom na svetu.<\/p>\n\n\n\n<p class=\"wp-block-paragraph\">\u201cNikad nisam delio ljude po boji ko\u017ee, veri i naciji. Uvek je ljudima lak\u0161e da se povere nekome ko dobro razume njihov jezik. Danas je oko 70% mojih pacijenata sa prostora biv\u0161e Juge, a mladim lekarima sa tih prostora pomagao sam prilikom proceduralnog procesa nostrifikacije diplome. To je moj bio na\u010din pomo\u0107i kolegama\u201d, ponosno je govorio Dr. Milenko Lazarevi\u0107.<\/p>\n\n\n\n<p class=\"wp-block-paragraph\">Poznat je bio i po tome \u0161to je o svojim pacijentima vodio brigu i kada napuste njegovu ordinaciju. Odnos sa pacijentima je zapo\u010dinjao pregledom u njegovoj ordinaciji, ali se nastavljalo u bolnicama, a \u010desto se zavr\u0161avao njegovim obilascima u stara\u010dkim domovima i kada za to nema neke medicinske potrebe, ve\u0107 samo humane i ljudske.<\/p>\n\n\n\n<p class=\"wp-block-paragraph\">Doktor Laza je tako\u0111e bio \u010dovek velikog srca, uvek raspolo\u017een za \u0161alu i uvek sa osmehom bi svakome iza\u0161ao u susret i pomogao.<\/p>\n\n\n\n<p class=\"wp-block-paragraph\">Sa tugom i dubokim po\u0161tovanjem, oprosti\u0107emo se od dr. Milenka Lazarevi\u0107a, izuzetnog \u010doveka i stru\u010dnjaka koji je svojim radom i posve\u0107eno\u0161\u0107u ostavio neizbrisiv trag.<\/p>\n\n\n\n<p class=\"wp-block-paragraph\">Njegov gubitak ose\u0107a cela zajednica, koja ga duboko po\u0161tuje i \u017eali. Pamti\u0107e ga po njegovoj dobrodu\u0161nosti, mudrosti i neiscrpnoj energiji koju je unosio u sve \u0161to je radio.<\/p>\n\n\n\n<p class=\"wp-block-paragraph\">On se brinuo o svim ljudima koji su bili pod njegovom za\u0161titom, ali, bio je mnogo vi\u0161e od toga. On je bio mnogo vi\u0161e nego \u0161to re\u010di mogu da ka\u017eu. Porodica mu je bila najbitnija. On je bio porodi\u010dni stub na koga smo svi mogli da se oslonimo. Za uzvrat nije tra\u017eio ni\u0161ta.<\/p>\n\n\n\n<p class=\"wp-block-paragraph\">Dr. Milenko Lazarevi\u0107 je ostavio za sobom bogato nasle\u0111e koje \u0107e nastaviti da inspiri\u0161e i vodi mnoge generacije.<\/p>\n\n\n\n<p class=\"wp-block-paragraph\">Telo doktora Lazarevi\u0107a bi\u0107e prevezeno iz Beograda u \u010cikago u sredu 10. jula ove godine.<\/p>\n\n\n\n<p class=\"wp-block-paragraph\">Rodbina i prijatelji u Americi oprosti\u0107e se od pokojnog Dr. Lazarevi\u0107a u ponedeljak 15. jula 2024. godine od 11 sati pre podne do 12 sati u podne u manastiru Svetog Save, 32377 N. Milwaukee Avenue, Libertyville, IL 60048.<\/p>\n\n\n\n<p class=\"wp-block-paragraph\">Opelo \u0107e biti odr\u017eano u podne u manastiru Svetog Save, a nakon toga sahrana na manastirskom groblju.<\/p>\n\n\n\n<p class=\"wp-block-paragraph\" style=\"font-size:10px\">SOURCE: <a href=\"https:\/\/www.svetagora.com\/milenko-lazarevic-md-1955-2024?lang=sr\" target=\"_blank\" rel=\"noopener\">SVETAGORA<\/a> FOTO: REDAKCIJA \u010cIKAGO DE\u0160AVANJA<\/p>","protected":false},"excerpt":{"rendered":"<p>Tu\u017ena vest da se iznenada, u svom rodnom gradu Beogradu 28. juna upokojio dobri i voljeni dr Laza &#8211; Milenko Lazarevi\u0107, posebno je pogodila mnoge ljude u \u010cikagu i \u0161ire. Dr. Milenko Lazarevi\u0107, internista, 2024. godine napunio je tri decenije svog rada u \u010cikagu. Pored privatne prakse, dr. Milenko Lazarevi\u0107 radio je u dve bolnice. [&hellip;]<\/p>\n","protected":false},"author":3,"featured_media":0,"comment_status":"","ping_status":"","sticky":false,"template":"","format":"standard","meta":{"wpai_generated_summary":"","footnotes":""},"categories":[368,653,369],"tags":[538,370,42161,42162,568,31432,42163],"class_list":["post-26949","post","type-post","status-publish","format-standard","hentry","category-vesti-amerika","category-cikago","category-vesti","tag-amerika","tag-cikago","tag-doktor-milenko-lazarevic","tag-omiljeni-doktor","tag-sad","tag-sahrana","tag-sahrana-u-cikagu"],"_links":{"self":[{"href":"https:\/\/chicagodesavanja.us\/en\/wp-json\/wp\/v2\/posts\/26949","targetHints":{"allow":["GET"]}}],"collection":[{"href":"https:\/\/chicagodesavanja.us\/en\/wp-json\/wp\/v2\/posts"}],"about":[{"href":"https:\/\/chicagodesavanja.us\/en\/wp-json\/wp\/v2\/types\/post"}],"author":[{"embeddable":true,"href":"https:\/\/chicagodesavanja.us\/en\/wp-json\/wp\/v2\/users\/3"}],"replies":[{"embeddable":true,"href":"https:\/\/chicagodesavanja.us\/en\/wp-json\/wp\/v2\/comments?post=26949"}],"version-history":[{"count":0,"href":"https:\/\/chicagodesavanja.us\/en\/wp-json\/wp\/v2\/posts\/26949\/revisions"}],"wp:attachment":[{"href":"https:\/\/chicagodesavanja.us\/en\/wp-json\/wp\/v2\/media?parent=26949"}],"wp:term":[{"taxonomy":"category","embeddable":true,"href":"https:\/\/chicagodesavanja.us\/en\/wp-json\/wp\/v2\/categories?post=26949"},{"taxonomy":"post_tag","embeddable":true,"href":"https:\/\/chicagodesavanja.us\/en\/wp-json\/wp\/v2\/tags?post=26949"}],"curies":[{"name":"WP","href":"https:\/\/api.w.org\/{rel}","templated":true}]}}