{"id":26719,"date":"2024-07-24T12:43:47","date_gmt":"2024-07-24T12:43:47","guid":{"rendered":"https:\/\/chicagodesavanja.us\/zatvoren-deo-autoputa-i-290\/"},"modified":"2024-07-24T12:43:47","modified_gmt":"2024-07-24T12:43:47","slug":"zatvoren-deo-autoputa-i-290","status":"publish","type":"post","link":"https:\/\/chicagodesavanja.us\/en\/vesti\/zatvoren-deo-autoputa-i-290\/","title":{"rendered":"Prevrnuo se kamion na autoputu I-290 (VIDEO)"},"content":{"rendered":"<p class=\"wp-block-paragraph\">Prema saop\u0161tenju policije zbog saobra\u0107ajne nesre\u0107e u kojoj je u\u010destvovao jedan kamion zatvoren je deo autoputa I-290. Prevrtanje kamiona rezultiralo je zatvaranjem ulaznih traka na autoputu I-290, isto\u010dno od autoputa I-294 u sredu 24. jula 2024. godine u jutarnjim \u010dasovima.<\/p>\n\n\n\n<p class=\"wp-block-paragraph\">Prema saop\u0161tenju dr\u017eavne policije Ilinoisa kamion je prevozio konzerviranu robu. Kamion se prevrnuo u blizini St. Charles Road-a oko 5:20 \u010dasova ujutro.<\/p>\n\n\n\n<p class=\"wp-block-paragraph\"><\/p>\n\n\n\n<figure class=\"wp-block-embed is-type-video is-provider-youtube wp-block-embed-youtube wp-embed-aspect-16-9 wp-has-aspect-ratio\"><div class=\"wp-block-embed__wrapper\">\n<iframe loading=\"lazy\" title=\"Semi-truck rollover crash shuts down lanes on Chicago area expressway\" width=\"500\" height=\"281\" src=\"https:\/\/www.youtube.com\/embed\/AaTL0brfWWg?feature=oembed\" frameborder=\"0\" allow=\"accelerometer; autoplay; clipboard-write; encrypted-media; gyroscope; picture-in-picture; web-share\" referrerpolicy=\"strict-origin-when-cross-origin\" allowfullscreen><\/iframe>\n<\/div><\/figure>\n\n\n\n<p class=\"wp-block-paragraph\"><\/p>\n\n\n\n<p class=\"wp-block-paragraph\">Konzervirana roba prema navodima iz saop\u0161tenja nije pretrpela o\u0161te\u0107enja prilikom nesre\u0107e. Nije bilo izve\u0161taja o povre\u0111enim u ovoj saobra\u0107ajnoj nesre\u0107i.<\/p>\n\n\n\n<p class=\"wp-block-paragraph\">Za sada nije poznat uzrok saobra\u0107ajne nesre\u0107e. Sve trake na autoputu I-290 su ponovo otvorene u 9:30 \u010dasova po lokalnom vremenu 24. jula 2024. godine.<\/p>\n\n\n\n<p class=\"wp-block-paragraph\"><\/p>\n\n\n\n<figure class=\"wp-block-embed is-type-rich is-provider-twitter wp-block-embed-twitter\"><div class=\"wp-block-embed__wrapper\">\n<blockquote class=\"twitter-tweet\" data-width=\"500\" data-dnt=\"true\"><p lang=\"en\" dir=\"ltr\">We have been following a semi crash on the IB 290 at 284. A steel shipping container rolled off it\u2019s mounts, twisting the trailer shortly after 5 am. All IB 290 traffic is forced onto SB 294. The SB 294 ramp to IB 290 is also blocked. Big delays! More at <a href=\"https:\/\/t.co\/vhbRxCcLib\">https:\/\/t.co\/vhbRxCcLib<\/a> <a href=\"https:\/\/t.co\/TbXMgFrn84\">pic.twitter.com\/TbXMgFrn84<\/a><\/p>&mdash; Kris Habermehl (@KrisHabermehl) <a href=\"https:\/\/x.com\/KrisHabermehl\/status\/1816082579767861340?ref_src=twsrc%5Etfw\">July 24, 2024<\/a><\/blockquote><script async src=\"https:\/\/platform.x.com\/widgets.js\" charset=\"utf-8\"><\/script>\n<\/div><\/figure>\n\n\n\n<p class=\"wp-block-paragraph\"><\/p>\n\n\n\n<p class=\"wp-block-paragraph\" style=\"font-size:10px\">SOURCE: <a href=\"https:\/\/www.cbsnews.com\/chicago\/news\/semi-truck-rollover-crash-shuts-down-inbound-lanes-on-i-290-near-i-294\/\" target=\"_blank\" rel=\"noopener\">CBS NEWS <\/a>| PHOTO: YOUTUBE<\/p>","protected":false},"excerpt":{"rendered":"<p>Prema saop\u0161tenju policije zbog saobra\u0107ajne nesre\u0107e u kojoj je u\u010destvovao jedan kamion zatvoren je deo autoputa I-290. Prevrtanje kamiona rezultiralo je zatvaranjem ulaznih traka na autoputu I-290, isto\u010dno od autoputa I-294 u sredu 24. jula 2024. godine u jutarnjim \u010dasovima. Prema saop\u0161tenju dr\u017eavne policije Ilinoisa kamion je prevozio konzerviranu robu. Kamion se prevrnuo u blizini [&hellip;]<\/p>\n","protected":false},"author":3,"featured_media":0,"comment_status":"","ping_status":"","sticky":false,"template":"","format":"standard","meta":{"footnotes":""},"categories":[368,653,369],"tags":[538,457,370,41865,37446,39064,41866,41867,568,1045],"class_list":["post-26719","post","type-post","status-publish","format-standard","hentry","category-vesti-amerika","category-cikago","category-vesti","tag-amerika","tag-chicago","tag-cikago","tag-drzava-ilinois","tag-ilinois-i-cikago","tag-kamion","tag-kamion-se-prevrnuo","tag-kamionski-saobracaj","tag-sad","tag-saobracajna-nesreca"],"_links":{"self":[{"href":"https:\/\/chicagodesavanja.us\/en\/wp-json\/wp\/v2\/posts\/26719","targetHints":{"allow":["GET"]}}],"collection":[{"href":"https:\/\/chicagodesavanja.us\/en\/wp-json\/wp\/v2\/posts"}],"about":[{"href":"https:\/\/chicagodesavanja.us\/en\/wp-json\/wp\/v2\/types\/post"}],"author":[{"embeddable":true,"href":"https:\/\/chicagodesavanja.us\/en\/wp-json\/wp\/v2\/users\/3"}],"replies":[{"embeddable":true,"href":"https:\/\/chicagodesavanja.us\/en\/wp-json\/wp\/v2\/comments?post=26719"}],"version-history":[{"count":0,"href":"https:\/\/chicagodesavanja.us\/en\/wp-json\/wp\/v2\/posts\/26719\/revisions"}],"wp:attachment":[{"href":"https:\/\/chicagodesavanja.us\/en\/wp-json\/wp\/v2\/media?parent=26719"}],"wp:term":[{"taxonomy":"category","embeddable":true,"href":"https:\/\/chicagodesavanja.us\/en\/wp-json\/wp\/v2\/categories?post=26719"},{"taxonomy":"post_tag","embeddable":true,"href":"https:\/\/chicagodesavanja.us\/en\/wp-json\/wp\/v2\/tags?post=26719"}],"curies":[{"name":"WP","href":"https:\/\/api.w.org\/{rel}","templated":true}]}}