{"id":26609,"date":"2024-08-02T05:30:00","date_gmt":"2024-08-02T05:30:00","guid":{"rendered":"https:\/\/chicagodesavanja.us\/harris-americi-je-potreban-vodja-koji-govori-istinu\/"},"modified":"2024-08-02T05:30:00","modified_gmt":"2024-08-02T05:30:00","slug":"harris-americi-je-potreban-vodja-koji-govori-istinu","status":"publish","type":"post","link":"https:\/\/chicagodesavanja.us\/en\/vesti\/harris-americi-je-potreban-vodja-koji-govori-istinu\/","title":{"rendered":"Kamala Harris: Americi potreban vo\u0111a koji razume da su razlike na\u0161a snaga"},"content":{"rendered":"<p class=\"wp-block-paragraph\">Potpredsednica Amerike i najizgledniji demokratski kandidat na predsedni\u010dkim izborima Kamala Harris izjavila je, nakon komentara republikanskog protivnika Donalnd-a Trump-a o njenoj rasi, da je Americi potreban vo\u0111a koji govori istinu i shvata da su razlike izvor snage, a ne podele.<\/p>\n\n\n\n<p class=\"wp-block-paragraph\">&#8216;To je stara predstava-podele i nepo\u0161tovanje. Americi je potreban vo\u0111a koji ne reaguje neprijateljstvom i besom kada se suo\u010di sa \u010dinjenicama. Potreban nam je lider koji shvata da nas na\u0161e razlike ne dele, ve\u0107 su klju\u010dni izvor na\u0161e snage&#8220;, rekla je Harris u Teksasu.<\/p>\n\n\n\n<p class=\"wp-block-paragraph\">Trump je izjavio da mu nije jasno da li je Kamala Harris Indijka ili Afroamerikanka, jer se, kako tvrdi, prvobitno predstavljala kao &#8222;crnkinja&#8220;, a &#8222;sada je promenila plo\u010du&#8220;.<\/p>\n\n\n\n<p class=\"wp-block-paragraph\">&#8222;Ona je uvek bila indijskog porekla i sama je promovisala indijsko nasle\u0111e, a sada \u017eeli da bude poznata kao crnkinja. Pa ne znam da li je Indijka ili je Afroamerikanka. Po\u0161tujem je u svakom slu\u010daju, ali ona o\u010digledno ne, jer prvo je bila Indijka, a onda je napravila zaokret i sada je postala crnkinja&#8220;, rekao je Tramp na skupu Dru\u0161tva afroameri\u010dkih novinara, prenosi CNN.<\/p>\n\n\n\n<p class=\"wp-block-paragraph\">Majka Kamala-e Harris bila je Indijka, a njen otac je Jamaj\u010danin i oboje su emigrirali u Sjedinjene Ameri\u010dke Dr\u017eave. \u00a0Harris je ro\u0111ena u Oklandu, u Kaliforniji i poha\u0111ala je Univerzitet Hauard, u Va\u0161ingtonu.<\/p>\n\n\n\n<p class=\"wp-block-paragraph\">Ona je prva \u017eena, prva Afroamerikanka i prva \u017eena iz ju\u017ene Azije koja je postala potpredsednica Amerike.<\/p>\n\n\n\n<p class=\"wp-block-paragraph\">Njen suprug Doug Emhoff je rekao da su Trump-ovi komentari &#8220;gora verzija grozne osobe&#8220;, a izjave biv\u0161eg predsednika osudila je i sekretarka za \u0161tampu Bele ku\u0107e , Karine Jean-Pierre, koja je Afroamerikanka, prenosi Tanjug.\u00a0<\/p>\n\n\n\n<p class=\"wp-block-paragraph\" style=\"font-size:10px\">SOURCE: <a href=\"https:\/\/www.politika.rs\/sr\/clanak\/625803\/Kamala-Haris-Americi-potreban-voda-koji-razume-da-su-razlike-nasa-snaga\" target=\"_blank\" rel=\"noopener\">Politics<\/a> PHOTO: YOUTUBE SCREENSHOT<\/p>","protected":false},"excerpt":{"rendered":"<p>Potpredsednica Amerike i najizgledniji demokratski kandidat na predsedni\u010dkim izborima Kamala Harris izjavila je, nakon komentara republikanskog protivnika Donalnd-a Trump-a o njenoj rasi, da je Americi potreban vo\u0111a koji govori istinu i shvata da su razlike izvor snage, a ne podele. &#8216;To je stara predstava-podele i nepo\u0161tovanje. Americi je potreban vo\u0111a koji ne reaguje neprijateljstvom i [&hellip;]<\/p>\n","protected":false},"author":3,"featured_media":18263,"comment_status":"","ping_status":"","sticky":false,"template":"","format":"standard","meta":{"footnotes":""},"categories":[368,369],"tags":[7669,404,36389,8630,37636,517],"class_list":["post-26609","post","type-post","status-publish","format-standard","has-post-thumbnail","hentry","category-vesti-amerika","category-vesti","tag-demokrate","tag-donald-trump","tag-izbori-u-americi-2024","tag-kamala-harris","tag-predsednicki-izbori-amerika-2024","tag-republikanci"],"_links":{"self":[{"href":"https:\/\/chicagodesavanja.us\/en\/wp-json\/wp\/v2\/posts\/26609","targetHints":{"allow":["GET"]}}],"collection":[{"href":"https:\/\/chicagodesavanja.us\/en\/wp-json\/wp\/v2\/posts"}],"about":[{"href":"https:\/\/chicagodesavanja.us\/en\/wp-json\/wp\/v2\/types\/post"}],"author":[{"embeddable":true,"href":"https:\/\/chicagodesavanja.us\/en\/wp-json\/wp\/v2\/users\/3"}],"replies":[{"embeddable":true,"href":"https:\/\/chicagodesavanja.us\/en\/wp-json\/wp\/v2\/comments?post=26609"}],"version-history":[{"count":0,"href":"https:\/\/chicagodesavanja.us\/en\/wp-json\/wp\/v2\/posts\/26609\/revisions"}],"wp:featuredmedia":[{"embeddable":true,"href":"https:\/\/chicagodesavanja.us\/en\/wp-json\/wp\/v2\/media\/18263"}],"wp:attachment":[{"href":"https:\/\/chicagodesavanja.us\/en\/wp-json\/wp\/v2\/media?parent=26609"}],"wp:term":[{"taxonomy":"category","embeddable":true,"href":"https:\/\/chicagodesavanja.us\/en\/wp-json\/wp\/v2\/categories?post=26609"},{"taxonomy":"post_tag","embeddable":true,"href":"https:\/\/chicagodesavanja.us\/en\/wp-json\/wp\/v2\/tags?post=26609"}],"curies":[{"name":"WP","href":"https:\/\/api.w.org\/{rel}","templated":true}]}}