{"id":26574,"date":"2024-08-06T04:52:00","date_gmt":"2024-08-06T04:52:00","guid":{"rendered":"https:\/\/chicagodesavanja.us\/australija-podigla-nivo-pretnje-od-terorizma-sa-moguce-na-verovatnu\/"},"modified":"2024-08-06T04:52:00","modified_gmt":"2024-08-06T04:52:00","slug":"australija-podigla-nivo-pretnje-od-terorizma-sa-moguce-na-verovatnu","status":"publish","type":"post","link":"https:\/\/chicagodesavanja.us\/en\/vesti\/australija-podigla-nivo-pretnje-od-terorizma-sa-moguce-na-verovatnu\/","title":{"rendered":"Australija podigla nivo pretnje od terorizma sa mogu\u0107e na verovatnu"},"content":{"rendered":"<p class=\"wp-block-paragraph\">Australijska vlada podigla je nivo pretnje od terorizma sa &#8222;mogu\u0107e&#8220; na &#8222;verovatnu&#8220;, navode\u0107i zabrinutost zbog sve ve\u0107eg \u0161irenja ekstremnih ideologija me\u0111u mladima i tenzija u australijskom dru\u0161tvu zbog rata izme\u0111u Izraela i Hamasa u Pojasu Gaze.<\/p>\n\n\n\n<p class=\"wp-block-paragraph\">To je prvi put da je nivo pretnje podignut na sredinu australijskog petostepenog sistema pretnji od terorizma od novembra 2022. godine po\u0161to je nivo bio &#8222;verovatan&#8220; prethodnih osam godina, preneo je Rojters.<\/p>\n\n\n\n<p class=\"wp-block-paragraph\">Australijski premijer Entoni Albaneze je, me\u0111utim, rekao da, iako vladini zvani\u010dnici misle da trenutna klima dovodi do pove\u0107ane pretnje od terorizma, nemaju informacije o bilo kakvim konkretnim pretnjama.<\/p>\n\n\n\n<p class=\"wp-block-paragraph\">&#8222;\u017delim da uverim Australijance da verovatno ne zna\u010di neizbe\u017eno i ne zna\u010di da postoje obave\u0161tajni podaci o neposrednoj pretnji ili opasnosti&#8220;, rekao je Albaneze novinarima.<\/p>\n\n\n\n<p class=\"wp-block-paragraph\">Istakao je da je vlada podigla nivo pretnje od terorizma na osnovu saveta australijske bezbednosno-obave\u0161tajne agencije ASIO.<\/p>\n\n\n\n<p class=\"wp-block-paragraph\">&#8222;Savet koji smo dobili je da ve\u0107i broj Australijanaca prihvata raznovrsniji spektar ekstremnih ideologija i na\u0161a je odgovornost da budemo na oprezu&#8220;, naveo je Albaneze.<\/p>\n\n\n\n<p class=\"wp-block-paragraph\">Prema njegovim re\u010dima, bele\u017ei se globalni porast politi\u010dki motivisanog nasilja i ekstremizma i vlade \u0161irom sveta zabrinute su zbog radikalizacije mladih, radikalizacije na internetu i porasta novih ideologija.<\/p>\n\n\n\n<p class=\"wp-block-paragraph\">Generalni direktor ASIO Majk Berd\u017ees rekao je da se sve vi\u0161e Australijanaca radikalizuje i da prihvata raznovrsni spektar ekstremnih ideologija, kao i da su spremni da koriste nasilje da bi ostvarili svoje ciljeve.<\/p>\n\n\n\n<p class=\"wp-block-paragraph\">&#8222;Politi\u010dki motivisano nasilje sada se pridru\u017euje \u0161pijuna\u017ei i stranom me\u0161anju kao na\u0161oj glavnoj zabrinutosti za bezbednost. Ovi faktori ote\u017eavaju posao ASIO-a. Pretnje je sve te\u017ee predvideti i identifikovati&#8220;, naveo je Berd\u017ees.<\/p>\n\n\n\n<p class=\"wp-block-paragraph\">Australijske vlasti su poslednji put proglasile za teroristi\u010dki akt napad u aprilu, kada je 16-godi\u0161nji tinejd\u017eer optu\u017een da je no\u017eem ubo sidnejskog biskupa.<\/p>\n\n\n\n<p class=\"wp-block-paragraph\"><\/p>\n\n\n\n<p class=\"wp-block-paragraph\" style=\"font-size:10px\">SOURCE: <a href=\"https:\/\/www.rtv.rs\/sr_lat\/svet\/australija-podigla-nivo-pretnje-od-terorizma-sa-moguce-na-verovatnu_1559705.html\" target=\"_blank\" rel=\"noopener\">RTV<\/a> PHOTO: SCREENSHOT<\/p>","protected":false},"excerpt":{"rendered":"<p>Australijska vlada podigla je nivo pretnje od terorizma sa &#8222;mogu\u0107e&#8220; na &#8222;verovatnu&#8220;, navode\u0107i zabrinutost zbog sve ve\u0107eg \u0161irenja ekstremnih ideologija me\u0111u mladima i tenzija u australijskom dru\u0161tvu zbog rata izme\u0111u Izraela i Hamasa u Pojasu Gaze. To je prvi put da je nivo pretnje podignut na sredinu australijskog petostepenog sistema pretnji od terorizma od novembra [&hellip;]<\/p>\n","protected":false},"author":4,"featured_media":0,"comment_status":"","ping_status":"","sticky":false,"template":"","format":"standard","meta":{"wpai_generated_summary":"","footnotes":""},"categories":[431,369],"tags":[13594,2881,18938],"class_list":["post-26574","post","type-post","status-publish","format-standard","hentry","category-svet","category-vesti","tag-australija","tag-bezbednost","tag-terorizam"],"_links":{"self":[{"href":"https:\/\/chicagodesavanja.us\/en\/wp-json\/wp\/v2\/posts\/26574","targetHints":{"allow":["GET"]}}],"collection":[{"href":"https:\/\/chicagodesavanja.us\/en\/wp-json\/wp\/v2\/posts"}],"about":[{"href":"https:\/\/chicagodesavanja.us\/en\/wp-json\/wp\/v2\/types\/post"}],"author":[{"embeddable":true,"href":"https:\/\/chicagodesavanja.us\/en\/wp-json\/wp\/v2\/users\/4"}],"replies":[{"embeddable":true,"href":"https:\/\/chicagodesavanja.us\/en\/wp-json\/wp\/v2\/comments?post=26574"}],"version-history":[{"count":0,"href":"https:\/\/chicagodesavanja.us\/en\/wp-json\/wp\/v2\/posts\/26574\/revisions"}],"wp:attachment":[{"href":"https:\/\/chicagodesavanja.us\/en\/wp-json\/wp\/v2\/media?parent=26574"}],"wp:term":[{"taxonomy":"category","embeddable":true,"href":"https:\/\/chicagodesavanja.us\/en\/wp-json\/wp\/v2\/categories?post=26574"},{"taxonomy":"post_tag","embeddable":true,"href":"https:\/\/chicagodesavanja.us\/en\/wp-json\/wp\/v2\/tags?post=26574"}],"curies":[{"name":"WP","href":"https:\/\/api.w.org\/{rel}","templated":true}]}}