{"id":26502,"date":"2024-08-12T04:24:00","date_gmt":"2024-08-12T04:24:00","guid":{"rendered":"https:\/\/chicagodesavanja.us\/spanska-policija-i-poreska-uprava-zaplenili-kokain-povezan-sa-balkanskim-kartelom\/"},"modified":"2024-08-12T04:24:00","modified_gmt":"2024-08-12T04:24:00","slug":"spanska-policija-i-poreska-uprava-zaplenili-kokain-povezan-sa-balkanskim-kartelom","status":"publish","type":"post","link":"https:\/\/chicagodesavanja.us\/en\/vesti\/spanska-policija-i-poreska-uprava-zaplenili-kokain-povezan-sa-balkanskim-kartelom\/","title":{"rendered":"\u0160panska policija i poreska uprava zaplenili kokain povezan sa Balkanskim kartelom"},"content":{"rendered":"<p class=\"wp-block-paragraph\">Ronioci \u0161panske Civilne garde i pripadnici Poreske uprave u Las Palmasu zaplenili su po\u0161iljku od 289 kilograma kokaina za koju se veruje da je povezana sa Balkanskim kartelom.<\/p>\n\n\n\n<p class=\"wp-block-paragraph\">Droga koja je prevo\u017eena trgova\u010dkim brodom, bila je sakrivena u usisnim cevima za hla\u0111enje, spakovana u 12 vodootpornih vre\u0107a pri\u010dvr\u0107enih u\u017eadima, a smatra se da je krajnje odredi\u0161te bila luka Koper u Sloveniji, prenose podgori\u010dke\u00a0<em>Vijesti<\/em>\u00a0pozivaju\u0107i se na neimenovani izvor u stranim slu\u017ebama bezbednosti.<\/p>\n\n\n\n<p class=\"wp-block-paragraph\">Kako se navodi nadle\u017eni nastavljaju sa sprovo\u0111enjem neophodnih istra\u017enih radnji u operaciji nazvanoj &#8222;Ponos jug&#8220;, kako bi se utvrdio identitet odgovornih za transport droge, kao i onih koji su bili zadu\u017eeni za preuzimanje narkotika.<\/p>\n\n\n\n<p class=\"wp-block-paragraph\">&#8222;Na osnovu podvodne analize trupa broda, koju je sprovela Specijalna grupa za podvodne aktivnosti Civilne garde iz Las Palmasa, otkriveno je 12 vodootpornih vre\u0107a sme\u0161tenih na sakrivenom mestu, u usisnim cevima za hla\u0111enje, pri\u010dvr\u0161\u0107enih konopcem za jednu od re\u0161etki trupa. Potom je tovar sa drogom izva\u0111en, a u prostorijama Civilne garde izvr\u0161ena su testiranja i utvr\u0111eno je da je u pitanju kokain, ukupne te\u017eine 289 kilograma&#8220;, saop\u0161teno je iz \u0161panskog ministarstva unutra\u0161njih poslova.<\/p>\n\n\n\n<p class=\"wp-block-paragraph\">Prema saznanjima<em>&nbsp;Vijesti<\/em>, Balkanski kartel je i sredinom jula pretrpeo udarac u Ju\u017enoj Americi, kada je, nakon \u010detvorogodi\u0161nje istrage, Centralna brigada za droge u saradnji s Evropolom, ameri\u010dkom agencijom DEA, Nacionalnom kriminalisti\u010dkom agencijom Velike Britanije i Pomorskim centrom za analizu i operacije u vezi s drogama (MAOC-N), uhapsila oko 50 osoba koje su bile deo kriminalne mre\u017ee zadu\u017eene za transport kokaina iz Latinske Amerike u Evropu.<\/p>\n\n\n\n<p class=\"wp-block-paragraph\">&#8222;Balkanski kartel u tom kriminalnom poslu bio je zadu\u017een za regrutovanje posada i nabavku dela kokaina koji je distribuiran \u0161irom Evrope iz baza na Kosta del Sol&#8220;, rekao je neimenovani sagovornik&nbsp;<em>Vijesti.<\/em><\/p>\n\n\n\n<p class=\"wp-block-paragraph\">U toj akciji, osim droge, oduzeto je u razli\u010ditim zemljama Evrope i 12,5 miliona evra u gotovini \u010dime je, kako tvrdi \u0161panska policija, potpuno onesposobljen Balkanski kartel, jedna od najve\u0107ih grupa \u0161vercera droge na tlu Evrope.<\/p>\n\n\n\n<p class=\"wp-block-paragraph\"><\/p>\n\n\n\n<p class=\"wp-block-paragraph\" style=\"font-size:10px\">SOURCE: <a href=\"https:\/\/rts.rs\/lat\/vesti\/svet\/5509221\/spanska-policija-i-poreska-uprava-zaplenili-kokain-povezan-sa-balkanskim-kartelom.html\" target=\"_blank\" rel=\"noopener\">RTS<\/a> PHOTO: SCREENSHOT<\/p>","protected":false},"excerpt":{"rendered":"<p>Ronioci \u0161panske Civilne garde i pripadnici Poreske uprave u Las Palmasu zaplenili su po\u0161iljku od 289 kilograma kokaina za koju se veruje da je povezana sa Balkanskim kartelom. Droga koja je prevo\u017eena trgova\u010dkim brodom, bila je sakrivena u usisnim cevima za hla\u0111enje, spakovana u 12 vodootpornih vre\u0107a pri\u010dvr\u0107enih u\u017eadima, a smatra se da je krajnje [&hellip;]<\/p>\n","protected":false},"author":4,"featured_media":0,"comment_status":"","ping_status":"","sticky":false,"template":"","format":"standard","meta":{"wpai_generated_summary":"","footnotes":""},"categories":[431,369],"tags":[41237,13055,1161,4091],"class_list":["post-26502","post","type-post","status-publish","format-standard","hentry","category-svet","category-vesti","tag-balkanski-kartel","tag-hapsenje","tag-policija","tag-spanija"],"_links":{"self":[{"href":"https:\/\/chicagodesavanja.us\/en\/wp-json\/wp\/v2\/posts\/26502","targetHints":{"allow":["GET"]}}],"collection":[{"href":"https:\/\/chicagodesavanja.us\/en\/wp-json\/wp\/v2\/posts"}],"about":[{"href":"https:\/\/chicagodesavanja.us\/en\/wp-json\/wp\/v2\/types\/post"}],"author":[{"embeddable":true,"href":"https:\/\/chicagodesavanja.us\/en\/wp-json\/wp\/v2\/users\/4"}],"replies":[{"embeddable":true,"href":"https:\/\/chicagodesavanja.us\/en\/wp-json\/wp\/v2\/comments?post=26502"}],"version-history":[{"count":0,"href":"https:\/\/chicagodesavanja.us\/en\/wp-json\/wp\/v2\/posts\/26502\/revisions"}],"wp:attachment":[{"href":"https:\/\/chicagodesavanja.us\/en\/wp-json\/wp\/v2\/media?parent=26502"}],"wp:term":[{"taxonomy":"category","embeddable":true,"href":"https:\/\/chicagodesavanja.us\/en\/wp-json\/wp\/v2\/categories?post=26502"},{"taxonomy":"post_tag","embeddable":true,"href":"https:\/\/chicagodesavanja.us\/en\/wp-json\/wp\/v2\/tags?post=26502"}],"curies":[{"name":"WP","href":"https:\/\/api.w.org\/{rel}","templated":true}]}}