{"id":26437,"date":"2024-08-16T05:43:00","date_gmt":"2024-08-16T05:43:00","guid":{"rendered":"https:\/\/chicagodesavanja.us\/walz-i-vance-debata-1-oktobra\/"},"modified":"2024-08-16T05:43:00","modified_gmt":"2024-08-16T05:43:00","slug":"walz-i-vance-debata-1-oktobra","status":"publish","type":"post","link":"https:\/\/chicagodesavanja.us\/en\/vesti\/walz-i-vance-debata-1-oktobra\/","title":{"rendered":"Kandidati za potpredsednike SAD pristali na debatu 1. oktobra"},"content":{"rendered":"<p class=\"wp-block-paragraph\">Republikanski senator JD Vance pristao je na debatu 1. oktobra sa guvernerom Minesote demokratom Tim-om Walz-om. To zna\u010di da \u0107e se odr\u017eati najmanje jedan televizijski obra\u010dun izme\u0111u republikanskih i demokratskih kandidata za potpredsednike na izborima u novembru.<\/p>\n\n\n\n<p class=\"wp-block-paragraph\">Walz je na skupu za prikupljanje sredstava u Bostonu rekao da je ve\u0107 prihvatio poziv CBS News-a da raspravlja sa Vance-om 1. oktobra.<\/p>\n\n\n\n<p class=\"wp-block-paragraph\">\u201eStvarno se radujem da vidim kako \u0107e to izgledati\u2026 Imamo veoma razli\u010dite vizije Amerike\u201c, rekao je Walz.<\/p>\n\n\n\n<p class=\"wp-block-paragraph\">Kampanja potpredsednice Kamala-e Harris tako\u0111e je u sredu potvrdila da je Walz pristao na debatu 1. oktobra.<\/p>\n\n\n\n<p class=\"wp-block-paragraph\">Vance, kandidat Donald-a Trump-a za potpredsednika, rekao je da ne samo da je prihvatio poziv za 1. oktobar, ve\u0107 je i izazvao Walz-a na jo\u0161 jednu debatu u septembru.<\/p>\n\n\n\n<p class=\"wp-block-paragraph\">\u201eAmeri\u010dki narod zaslu\u017euje \u0161to je mogu\u0107e vi\u0161e debata, zbog \u010dega je predsednik Trump ve\u0107 izazvao Kamala-u na tri od njih\u201c, napisao je Vance na X mre\u017ei. \u201eNe samo da prihvatam debatu CBS-a 1. oktobra, prihvatam i debatu CNN-a 18. septembra tako\u0111e. Jedva \u010dekam da vas vidim na oba!<\/p>\n\n\n\n<p class=\"wp-block-paragraph\" style=\"font-size:10px\">SOURCE: <a href=\"https:\/\/nova.rs\/vesti\/svet\/kandidati-za-potpredsednike-sad-pristali-na-debatu-1-oktobra\/\" target=\"_blank\" rel=\"noopener\">NOVA<\/a> PHOTO: YOUTUBE SCREENSHOT<\/p>","protected":false},"excerpt":{"rendered":"<p>Republikanski senator JD Vance pristao je na debatu 1. oktobra sa guvernerom Minesote demokratom Tim-om Walz-om. To zna\u010di da \u0107e se odr\u017eati najmanje jedan televizijski obra\u010dun izme\u0111u republikanskih i demokratskih kandidata za potpredsednike na izborima u novembru. Walz je na skupu za prikupljanje sredstava u Bostonu rekao da je ve\u0107 prihvatio poziv CBS News-a da [&hellip;]<\/p>\n","protected":false},"author":3,"featured_media":0,"comment_status":"","ping_status":"","sticky":false,"template":"","format":"standard","meta":{"footnotes":""},"categories":[368,369],"tags":[538,7669,11149,2266,41028,37636,517,14386,39295],"class_list":["post-26437","post","type-post","status-publish","format-standard","hentry","category-vesti-amerika","category-vesti","tag-amerika","tag-demokrate","tag-izbori-u-americi","tag-jd-vance","tag-kandidati-za-potpredsednika","tag-predsednicki-izbori-amerika-2024","tag-republikanci","tag-tim-walz","tag-tv-debata"],"_links":{"self":[{"href":"https:\/\/chicagodesavanja.us\/en\/wp-json\/wp\/v2\/posts\/26437","targetHints":{"allow":["GET"]}}],"collection":[{"href":"https:\/\/chicagodesavanja.us\/en\/wp-json\/wp\/v2\/posts"}],"about":[{"href":"https:\/\/chicagodesavanja.us\/en\/wp-json\/wp\/v2\/types\/post"}],"author":[{"embeddable":true,"href":"https:\/\/chicagodesavanja.us\/en\/wp-json\/wp\/v2\/users\/3"}],"replies":[{"embeddable":true,"href":"https:\/\/chicagodesavanja.us\/en\/wp-json\/wp\/v2\/comments?post=26437"}],"version-history":[{"count":0,"href":"https:\/\/chicagodesavanja.us\/en\/wp-json\/wp\/v2\/posts\/26437\/revisions"}],"wp:attachment":[{"href":"https:\/\/chicagodesavanja.us\/en\/wp-json\/wp\/v2\/media?parent=26437"}],"wp:term":[{"taxonomy":"category","embeddable":true,"href":"https:\/\/chicagodesavanja.us\/en\/wp-json\/wp\/v2\/categories?post=26437"},{"taxonomy":"post_tag","embeddable":true,"href":"https:\/\/chicagodesavanja.us\/en\/wp-json\/wp\/v2\/tags?post=26437"}],"curies":[{"name":"WP","href":"https:\/\/api.w.org\/{rel}","templated":true}]}}