{"id":26432,"date":"2024-08-17T05:30:00","date_gmt":"2024-08-17T05:30:00","guid":{"rendered":"https:\/\/chicagodesavanja.us\/pozari-sirom-turske\/"},"modified":"2024-08-17T05:30:00","modified_gmt":"2024-08-17T05:30:00","slug":"pozari-sirom-turske","status":"publish","type":"post","link":"https:\/\/chicagodesavanja.us\/en\/vesti\/pozari-sirom-turske\/","title":{"rendered":"Po\u017eari \u0161irom Turske: Ugro\u017eene ku\u0107e na periferiji Izmira, stanovnici evakuisani"},"content":{"rendered":"<p class=\"wp-block-paragraph\">\u0160irom Turske vatrogasci se bore sa \u0161umskim po\u017earima koji su buknuli zbog suvog i vru\u0107eg, a vetrovitog vremena. <\/p>\n\n\n\n<p class=\"wp-block-paragraph\">Jedan od po\u017eara \u0161iri se i u blizini spomen obele\u017eja i grobnica iz Prvog svetskog rata na mestu bitke na Galipolju. Spomenici na groblju Kenterberi gde su sahranjeni vojnici sa Novog Zelanda, pocrneli su od plamena koji je stavljen pod kontrolu.<\/p>\n\n\n\n<p class=\"wp-block-paragraph\">Na zapadnoj obali, po\u017ear se pribli\u017eio ku\u0107ama na periferiji Izmira, tre\u0107eg po veli\u010dini grada u Turskoj, a stanovnici su evakuisani.<\/p>\n\n\n\n<p class=\"wp-block-paragraph\">U provinciji Manisa gori vatra u Gordesu, \u0161umovitom seoskom okrugu na severozapadu Turske. Gotovo 80 \u200b\u200bdomova je evakuisano, a ve\u0107ina zgrada u selu Karajakup je te\u0161ko o\u0161te\u0107ena, javila je novinska agencija Demiroren.<\/p>\n\n\n\n<p class=\"wp-block-paragraph\">Turska je mobilisala na desetine aviona, stotine vozila i hiljade vatrogasaca za borbu protiv po\u017eara.<\/p>\n\n\n\n<p class=\"wp-block-paragraph\">Ministar \u0161umarstva Ibrahim Jumakli upozorio je na pove\u0107an rizik od po\u017eara tokom vikenda zbog niske vla\u017enosti, jakog vetra i visokih temperatura.<\/p>\n\n\n\n<p class=\"wp-block-paragraph\">Generalna direkcija za \u0161umarstvo upozorila je gra\u0111ane ;na zapadu Turske da ne pale vatru napolju u narednih 10 dana, upozoravaju\u0107i na 70 odsto ve\u0107i rizik od po\u017eara.<\/p>\n\n\n\n<p class=\"wp-block-paragraph\" style=\"font-size:10px\">SOURCE: <a href=\"https:\/\/n1info.rs\/svet\/pozari-sirom-turske-ugrozene-kuce-na-periferiji-izmira-stanovnici-evakuisani\/\" target=\"_blank\" rel=\"noopener\">N1<\/a> PHOTO: YOUTUBE SCREENSHOT<\/p>","protected":false},"excerpt":{"rendered":"<p>\u0160irom Turske vatrogasci se bore sa \u0161umskim po\u017earima koji su buknuli zbog suvog i vru\u0107eg, a vetrovitog vremena. Jedan od po\u017eara \u0161iri se i u blizini spomen obele\u017eja i grobnica iz Prvog svetskog rata na mestu bitke na Galipolju. Spomenici na groblju Kenterberi gde su sahranjeni vojnici sa Novog Zelanda, pocrneli su od plamena koji [&hellip;]<\/p>\n","protected":false},"author":3,"featured_media":0,"comment_status":"","ping_status":"","sticky":false,"template":"","format":"standard","meta":{"footnotes":""},"categories":[431,369],"tags":[41020,41021,24100,2372,5771,1215],"class_list":["post-26432","post","type-post","status-publish","format-standard","hentry","category-svet","category-vesti","tag-izmir","tag-periferija","tag-pozari","tag-svet","tag-turska","tag-vesti"],"_links":{"self":[{"href":"https:\/\/chicagodesavanja.us\/en\/wp-json\/wp\/v2\/posts\/26432","targetHints":{"allow":["GET"]}}],"collection":[{"href":"https:\/\/chicagodesavanja.us\/en\/wp-json\/wp\/v2\/posts"}],"about":[{"href":"https:\/\/chicagodesavanja.us\/en\/wp-json\/wp\/v2\/types\/post"}],"author":[{"embeddable":true,"href":"https:\/\/chicagodesavanja.us\/en\/wp-json\/wp\/v2\/users\/3"}],"replies":[{"embeddable":true,"href":"https:\/\/chicagodesavanja.us\/en\/wp-json\/wp\/v2\/comments?post=26432"}],"version-history":[{"count":0,"href":"https:\/\/chicagodesavanja.us\/en\/wp-json\/wp\/v2\/posts\/26432\/revisions"}],"wp:attachment":[{"href":"https:\/\/chicagodesavanja.us\/en\/wp-json\/wp\/v2\/media?parent=26432"}],"wp:term":[{"taxonomy":"category","embeddable":true,"href":"https:\/\/chicagodesavanja.us\/en\/wp-json\/wp\/v2\/categories?post=26432"},{"taxonomy":"post_tag","embeddable":true,"href":"https:\/\/chicagodesavanja.us\/en\/wp-json\/wp\/v2\/tags?post=26432"}],"curies":[{"name":"WP","href":"https:\/\/api.w.org\/{rel}","templated":true}]}}