{"id":26410,"date":"2024-08-19T05:00:00","date_gmt":"2024-08-19T05:00:00","guid":{"rendered":"https:\/\/chicagodesavanja.us\/hiljade-aktivista-u-cikagu-na-demokratskoj-konvenciji-zbog-rata-u-gazi-abortusa-i-ekonomske-nepravde\/"},"modified":"2024-08-19T05:00:00","modified_gmt":"2024-08-19T05:00:00","slug":"hiljade-aktivista-u-cikagu-na-demokratskoj-konvenciji-zbog-rata-u-gazi-abortusa-i-ekonomske-nepravde","status":"publish","type":"post","link":"https:\/\/chicagodesavanja.us\/en\/vesti\/hiljade-aktivista-u-cikagu-na-demokratskoj-konvenciji-zbog-rata-u-gazi-abortusa-i-ekonomske-nepravde\/","title":{"rendered":"Hiljade aktivista u \u010cikagu na demokratskoj konvenciji zbog rata u Gazi, abortusa i ekonomske nepravde"},"content":{"rendered":"<p class=\"wp-block-paragraph\">Hiljade aktivista se od 18. avgusta okupljaju u \u010cikagu gde \u0107e biti Nacionalna konvencija vladaju\u0107e Demokratske stranke, u nadi da \u0107e skrenuti pa\u017enju na prava na abortus, ekonomsku nepravdu i rat u Gazi.<\/p>\n\n\n\n<p class=\"wp-block-paragraph\">Mada je potpredsednica Kamala Haris ohrabrivala svoje pristalice dok se priprema da prihvati nominaciju demokrata za predsedni\u010dke izbore u novembru, progresivni aktivisti smatraju da se njihov zadatak nije promenio: demonstruira\u0107e za ono u \u0161ta veruju.<\/p>\n\n\n\n<p class=\"wp-block-paragraph\">Aktivisti su rekli da su nau\u010dili pouke sa pro\u0161lomese\u010dne Republikanske nacionalne konvencije u Milvokiju, a predvi\u0111aju se vec\u0301e gu\u017eve i ve\u0107e demonstracije u \u010cikagu, gradu sa dubokim korenima dru\u0161tvenog aktivizma.<\/p>\n\n\n\n<p class=\"wp-block-paragraph\">Demonstracije se o\u010dekuju svakog dana konvencije, a iako se njihovi programi razlikuju, mnogi aktivisti se sla\u017eu da je prioritet smesta prekid vatre u ratu izme\u0111u Izraela i Hamasa.<\/p>\n\n\n\n<p class=\"wp-block-paragraph\">Skupovi bi trebalo da po\u010dnu 19. avgusta uo\u010di po\u010detka konvencije mar\u0161om za prava na abortus du\u017e Mi\u010digen avenije.<\/p>\n\n\n\n<p class=\"wp-block-paragraph\">O\u010dekuje se oko 20.000 aktivista tokom konvencije koji \u0107e protestovati protiv rata u Gazi.<\/p>\n\n\n\n<p class=\"wp-block-paragraph\">Pro-palestinski demonstranti u \u010cikagu su veoma upadljivi, a blokirali su puteve do aerodroma i sede\u0107i protestovali u Kongresu \u2013 parlamentu Ilinoisa.<\/p>\n\n\n\n<p class=\"wp-block-paragraph\">Za sada se ne zna da li \u0107e konvencija privu\u0107i ekstremiste krajnje desnice koji vatreno podr\u017eavaju biv\u0161eg predsednika Donald Trump-a i kandidata opozicionih Republikanaca za novembarske izbore.<\/p>\n\n\n\n<p class=\"wp-block-paragraph\">Zamenik specijalnog agenta Tajne slu\u017ebe Derek Mayer rekao je pro\u0161le nedelje da nema poznatih konkretnih bezbednosnih pretnji konvenciji Demokratske stranke.<\/p>\n\n\n\n<p class=\"wp-block-paragraph\">Konvencija \u0107e privu\u0107i oko 50.000 ljudi u tre\u0107i po veli\u010dini grad u zemlji, uklju\u010duju\u0107i delegate, aktiviste i novinare.<\/p>\n\n\n\n<p class=\"wp-block-paragraph\">Gradske vlasti su saop\u0161tile da su sprovele neophodne pripreme sa policijom i Tajnom slu\u017ebom. Obezbe\u0111enje \u0107e biti strogo, sa zatvorenim ulicama oko kongresnog centra.<\/p>\n\n\n\n<p class=\"wp-block-paragraph\" style=\"font-size:10px\">IZVOR: BETA, AP, <a href=\"https:\/\/n1info.rs\/svet\/hiljade-aktivista-u-cikagu-na-demokratskoj-konvenciji-zbog-rata-u-gazi-abortusa-i-ekonomske-nepravde\/\" target=\"_blank\" rel=\"noreferrer noopener\">N1<\/a>, PHOTO: PRINTSCREEN<\/p>","protected":false},"excerpt":{"rendered":"<p>Hiljade aktivista se od 18. avgusta okupljaju u \u010cikagu gde \u0107e biti Nacionalna konvencija vladaju\u0107e Demokratske stranke, u nadi da \u0107e skrenuti pa\u017enju na prava na abortus, ekonomsku nepravdu i rat u Gazi. Mada je potpredsednica Kamala Haris ohrabrivala svoje pristalice dok se priprema da prihvati nominaciju demokrata za predsedni\u010dke izbore u novembru, progresivni aktivisti [&hellip;]<\/p>\n","protected":false},"author":1,"featured_media":0,"comment_status":"","ping_status":"","sticky":false,"template":"","format":"standard","meta":{"wpai_generated_summary":"","footnotes":""},"categories":[368,653,369],"tags":[40986,370,6564,33893,803],"class_list":["post-26410","post","type-post","status-publish","format-standard","hentry","category-vesti-amerika","category-cikago","category-vesti","tag-aktivisti","tag-cikago","tag-demonstracije","tag-konvencija","tag-protesti"],"_links":{"self":[{"href":"https:\/\/chicagodesavanja.us\/en\/wp-json\/wp\/v2\/posts\/26410","targetHints":{"allow":["GET"]}}],"collection":[{"href":"https:\/\/chicagodesavanja.us\/en\/wp-json\/wp\/v2\/posts"}],"about":[{"href":"https:\/\/chicagodesavanja.us\/en\/wp-json\/wp\/v2\/types\/post"}],"author":[{"embeddable":true,"href":"https:\/\/chicagodesavanja.us\/en\/wp-json\/wp\/v2\/users\/1"}],"replies":[{"embeddable":true,"href":"https:\/\/chicagodesavanja.us\/en\/wp-json\/wp\/v2\/comments?post=26410"}],"version-history":[{"count":0,"href":"https:\/\/chicagodesavanja.us\/en\/wp-json\/wp\/v2\/posts\/26410\/revisions"}],"wp:attachment":[{"href":"https:\/\/chicagodesavanja.us\/en\/wp-json\/wp\/v2\/media?parent=26410"}],"wp:term":[{"taxonomy":"category","embeddable":true,"href":"https:\/\/chicagodesavanja.us\/en\/wp-json\/wp\/v2\/categories?post=26410"},{"taxonomy":"post_tag","embeddable":true,"href":"https:\/\/chicagodesavanja.us\/en\/wp-json\/wp\/v2\/tags?post=26410"}],"curies":[{"name":"WP","href":"https:\/\/api.w.org\/{rel}","templated":true}]}}