{"id":26220,"date":"2024-09-03T05:56:00","date_gmt":"2024-09-03T05:56:00","guid":{"rendered":"https:\/\/chicagodesavanja.us\/ivan-svager-dugogodisnja-posvecenost-i-doprinos-svetu-dzeza\/"},"modified":"2026-05-18T07:19:16","modified_gmt":"2026-05-18T07:19:16","slug":"ivan-svager-dugogodisnja-posvecenost-i-doprinos-svetu-dzeza","status":"publish","type":"post","link":"https:\/\/chicagodesavanja.us\/en\/vesti\/ivan-svager-dugogodisnja-posvecenost-i-doprinos-svetu-dzeza\/","title":{"rendered":"Ivan \u0160vager: Srpski d\u017eez virtuoz sa ameri\u010dkim pe\u010datom"},"content":{"rendered":"<p class=\"wp-block-paragraph\"><strong>Eminentni d\u017eez muzi\u010dar, multiinstrumentalista, kompozitor i aran\u017eer iz Novog Sada, Ivan \u0160vager, dobitnik je nagrade za \u017eivotno delo<a href=\"https:\/\/nisville.com\/en\/\" target=\"_blank\" rel=\"noopener\"> Ni\u0161ville Jazz <\/a>Festivala.<\/strong> Nagrada mu je dodeljena na otvaranju jubilarnog 30. Ni\u0161ville Jazz Festivala u ni\u0161koj Gradskoj ku\u0107i, u prisustvu gradona\u010delnika Ni\u0161a i direktora Ni\u0161ville festivala Ivana Blagojevi\u0107a.<\/p>\n\n\n\n<p class=\"wp-block-paragraph\">Ivan \u0160vager je primer umetnika koji je posvetio svoj \u017eivot muzici, neprestano se usavr\u0161avaju\u0107i i inspiri\u0161u\u0107i generacije koje dolaze. Njegovo priznanje na <a href=\"https:\/\/www.facebook.com\/NisvilleJazzFestival\" target=\"_blank\" rel=\"noopener\">Ni\u0161ville Jazz<\/a> festivalu je potvrda njegove dugogodi\u0161nje posve\u0107enosti i izuzetnog doprinosa svetu d\u017eeza.<\/p>\n\n\n\n<h3 class=\"wp-block-heading\" id=\"h-svagerov-dzez-inspirisan-americkom-tradicijom-od-novog-sada-do-svetskih-pozornica\"><strong>\u0160vagerov d\u017eez inspirisan ameri\u010dkom tradicijom: Od Novog Sada do svetskih pozornica<\/strong><\/h3>\n\n\n\n<p class=\"wp-block-paragraph\">Kada je \u0161ezdesetih godina <a href=\"https:\/\/en.wikipedia.org\/wiki\/Louis_Armstrong\" target=\"_blank\" rel=\"noopener\">Louis Armstrong<\/a> posetio Novi Sad, Ivan \u0160vager je bio taj koji je svirao na sve\u010danom do\u010deku. Jo\u0161 kao srednjo\u0161kolac (1962-1965), svirao je u velikom d\u017eez orkestru Radio Novog Sada. Njegov put je kasnije vodio kroz mnoge zemlje Zapadne Evrope, Ma\u0111arsku i SSSR, gde je stekao veliku popularnost.<\/p>\n\n\n\n<p class=\"wp-block-paragraph\">Osvr\u0107u\u0107i se na sve faze svoje karijere nagla\u0161ava da je presudna bila njegova ljubav prema muzici u svetu d\u017eeza. &#8222;<strong>Sve faze su mi podjednako va\u017ene, ali sam se probudio onda kada su moje kolege izbegavale da me prihvate u svoje sastave. Tada sam po\u010deo sam da se borim za svoj opstanak, da komponujem i aran\u017eiram<\/strong>.&#8220;<\/p>\n\n\n\n<h3 class=\"wp-block-heading\" id=\"h-osnova-obrazovanja-berklee-college-of-music\"><strong>Osnova obrazovanja: Berklee College of Music<\/strong><\/h3>\n\n\n\n<p class=\"wp-block-paragraph\">Ivan \u0160vager je svoje muzi\u010dko obrazovanje usavr\u0161avao preko \u010duvenog Univerziteta <a href=\"https:\/\/www.berklee.edu\/\" target=\"_blank\" rel=\"noopener\">Berklee College of Music<\/a> u Bostonu. Tamo je nau\u010dio ve\u0161tine aran\u017eiranja koje su zna\u010dajno obogatile njegov repertoar i omogu\u0107ile mu da kreira moderne d\u017eez kompozicije. Sara\u0111ivao je sa mnogim poznatim d\u017eez muzi\u010darima; Ernijem Vilkinsom, Du\u0161kom Gojkovi\u0107em, Rudijem Tom\u0161i\u0107em, Markom Stekarom, Edom Hendersonom, Stjepkom Gutom, Borom Rokovi\u0107em\u2026<\/p>\n\n\n\n<p class=\"wp-block-paragraph\">\u201cJa pi\u0161em instrumentalnu muziku, na bazi ameri\u010dke \u0161kole. <strong>Celu svoju umetnost baziram na svom saznanju koje sam stekao u Americi<\/strong>. Imao sam sre\u0107u da sam sretao svetska imena od kojih sam tra\u017eio da mi pri\u010daju o muzici koju su komponovili. Uvek sam bele\u017eio njihove delove kompozicije koje su me o\u010daravale, na pauzama ih vukao za rukav da mi pribli\u017ee muziku koju stvaraju\u201d.<\/p>\n\n\n\n<p class=\"wp-block-paragraph\">Ova osnova mu je, kako isti\u010de, omogu\u0107ila da stvori harmonski bogat, raznovrstan i slo\u017een muzi\u010dki izraz.<\/p>\n\n\n\n<h3 class=\"wp-block-heading\" id=\"h-od-big-benda-rts-a-do-belgrade-dixieland-orchestra\"><strong>Od Big Benda RTS-a do Belgrade Dixieland Orchestra<\/strong><\/h3>\n\n\n\n<p class=\"wp-block-paragraph\">Novi period njegovog \u017eivota zapo\u010dinje 1979. godine kada postaje \u010dlan Big Benda RTS-a, gde je ostao do penzionisanja 2003. godine kao lead saksofonista i solista. Pokazao je ume\u0107e sviranja na raznim instrumentima: sopran, alt, tenor, bariton saksofon, flauta, alto flauta i klarinet. Pored stalnog zaposlenja, osam godina je bio profesor saksofona na d\u017eez odseku Muzi\u010dke \u0161kole &#8222;Stankovi\u0107&#8220; u Beogradu. <\/p>\n\n\n\n<p class=\"wp-block-paragraph\">Od 2001. godine postaje \u010dlan &#8222;<a href=\"https:\/\/en.wikipedia.org\/wiki\/The_Belgrade_Dixieland_Orchestra\" target=\"_blank\" rel=\"noopener\">The Belgrade Dixieland Orchestra&#8220;<\/a>, gde je dao nemerljiv doprinos formiranju jedinstvenog zvuka benda. Njegovi aran\u017emani i danas \u010dine okosnicu najve\u0107eg broja kompozicija koje <a href=\"https:\/\/www.youtube.com\/watch?v=66jxYIcx2KI\" target=\"_blank\" rel=\"noopener\">orkestar <\/a>izvodi.<\/p>\n\n\n\n<figure class=\"wp-block-image size-full\"><img loading=\"lazy\" decoding=\"async\" width=\"1000\" height=\"1019\" src=\"https:\/\/chicagodesavanja.us\/wp-content\/uploads\/2024\/08\/slika-2-2.png\" alt=\"Ni\u0161ville Jazz festival\" class=\"wp-image-18432\" srcset=\"https:\/\/chicagodesavanja.us\/wp-content\/uploads\/2024\/08\/slika-2-2.png 1000w, https:\/\/chicagodesavanja.us\/wp-content\/uploads\/2024\/08\/slika-2-2-294x300.png 294w, https:\/\/chicagodesavanja.us\/wp-content\/uploads\/2024\/08\/slika-2-2-768x783.png 768w, https:\/\/chicagodesavanja.us\/wp-content\/uploads\/2024\/08\/slika-2-2-453x462.png 453w, https:\/\/chicagodesavanja.us\/wp-content\/uploads\/2024\/08\/slika-2-2-236x240.png 236w, https:\/\/chicagodesavanja.us\/wp-content\/uploads\/2024\/08\/slika-2-2-103x105.png 103w\" sizes=\"auto, (max-width: 1000px) 100vw, 1000px\" \/><figcaption class=\"wp-element-caption\">Nagrada za \u017eivotno delo Ivanu \u0160vageru, oda srpskom d\u017eez majstoru; Foto: Ustupljene fotografije<\/figcaption><\/figure>\n\n\n\n<p class=\"wp-block-paragraph\">Iako je autor preko 300 kompozicija, Ivan \u0160vager je bio iznena\u0111en i zate\u010den kada je \u010duo da dobija nagradu za \u017eivotno delo: &#8222;<strong>Prva reakcija je bila da sam mislio da se neko \u0161ali. Druga je bila \u0161ok, a tre\u0107a je da sam se razveselio<\/strong>.&#8220;<\/p>\n\n\n\n<p class=\"wp-block-paragraph\">U Radio Beogradu ima vi\u0161e od 100 trajnih snimaka, ve\u0107inom svojih originalnih kompozicija, a ima i svoje aran\u017emane poznatih dela velikana d\u017eeza. U\u010destvovao je kao solista na&nbsp; plo\u010dama drugih autora, a izdao je i nekoliko svojih albuma. Novembra 2010. godine obele\u017eio je 50 godina umetni\u010dkog rada koncertom u Studentskom kulturnom centru Beograda.<\/p>\n\n\n\n<h3 class=\"wp-block-heading\" id=\"h-inspiracija-iz-celog-sveta\"><strong>Inspiracija iz celog sveta<\/strong><\/h3>\n\n\n\n<p class=\"wp-block-paragraph\">\u0160vager je tokom svoje karijere svirao u mnogim gradovima \u0161irom Evrope i Azije, a ti predeli su poslu\u017eili kao inspiracija za njegove kompozicije, poput &#8222;Suvenir sa Bajkala&#8220;, &#8222;Kafi\u0107i vetrenja\u010de pored Amsterdama&#8220;, &#8222;Ermita\u017e\u201d, \u201cLaponian Midnight Sun\u201d, \u201cAurora Borealis&#8220; i mnogih drugih.<\/p>\n\n\n\n<p class=\"wp-block-paragraph\"><a href=\"https:\/\/www.youtube.com\/watch?v=fuJSMalgANY\" target=\"_blank\" rel=\"noopener\">Novosadski d\u017eez festival &#8211; koncert Ivan \u0160vager i Ambire Band &#8211; YouTube<\/a><\/p>\n\n\n\n<h3 class=\"wp-block-heading\" id=\"h-povratak-u-novi-sad-i-nastavak-karijere\"><strong>Povratak u Novi Sad i nastavak karijere<\/strong><\/h3>\n\n\n\n<p class=\"wp-block-paragraph\">Nakon zvani\u010dnog odlaska u penziju, Ivan \u0160vager se vratio u Novi Sad i nastavio aktivno da nastupa na raznim festivalima i u klubovima u regionu. Njegove kompozicije i aran\u017emani i dalje su sastavni deo repertoara mnogih d\u017eez orkestara. <\/p>\n\n\n\n<p class=\"wp-block-paragraph\">\u201cMoje kompozicije izvodio je Big Bend RTS-a, a povodom jubileja izdava\u010dka ku\u0107a \u201cVertical Jazz\u201d je predstavila CD \u201c<strong>Born Again\u201d i zbirku od mojih 108 kompozicija<\/strong>.\u201d Knjiga sadr\u017ei i arhivsku gra\u0111u u vidu fotografske dokumentacije o vremenu istorijskog razvoja srpskog savremenog d\u017eeza.<\/p>\n\n\n\n<p class=\"wp-block-paragraph\"><\/p>\n\n\n\n<p class=\"wp-block-paragraph\">\u0160vagerova poruka za mla\u0111e generacije muzi\u010dara je jasna: &#8222;Ja sam morao sam da se borim i u\u010dim, ali sada mladi imaju bolje uslove da u\u010de od najboljih. <strong>Svaka \u0161kola ili akademija je zdrava osnova, ali sve ostalo je na individui i njenoj posve\u0107enosti.&#8220;<\/strong><\/p>\n\n\n\n<p class=\"wp-block-paragraph\" style=\"font-size:10px\">PI\u0160E: ANA VELJKOVI\u0106 I FOTO: ANA  VELJKOVI\u0106<\/p>","protected":false},"excerpt":{"rendered":"<p>Eminentni d\u017eez muzi\u010dar, multiinstrumentalista, kompozitor i aran\u017eer iz Novog Sada, Ivan \u0160vager, dobitnik je nagrade za \u017eivotno delo Ni\u0161ville Jazz Festivala. Nagrada mu je dodeljena na otvaranju jubilarnog 30. Ni\u0161ville Jazz Festivala u ni\u0161koj Gradskoj ku\u0107i, u prisustvu gradona\u010delnika Ni\u0161a i direktora Ni\u0161ville festivala Ivana Blagojevi\u0107a. Ivan \u0160vager je primer umetnika koji je posvetio svoj [&hellip;]<\/p>\n","protected":false},"author":29,"featured_media":18425,"comment_status":"closed","ping_status":"","sticky":false,"template":"","format":"standard","meta":{"wpai_generated_summary":"","footnotes":""},"categories":[368,599],"tags":[40422,17655,40423,40424,40425,40426,40427,7295,40428,40429,40430,40431,40432,24862,10866,40433,40434,40435,40436],"class_list":["post-26220","post","type-post","status-publish","format-standard","has-post-thumbnail","hentry","category-vesti-amerika","category-predstavljamo","tag-aranzer","tag-berklee-college-of-music","tag-big-bend-rts-a","tag-dzez-festivali","tag-dzez-kompozicije","tag-eminentni-dzez-muzicar","tag-ivan-svager","tag-kompozitor","tag-louis-armstrong","tag-multiinstrumentalista","tag-muzika-inspirisana-amerikom","tag-nagrada-za-zivotno-delo","tag-nisville","tag-nisville-jazz-festival","tag-novi-sad","tag-saksofonista","tag-srpski-dzez","tag-srpski-savremeni-dzez","tag-the-belgrade-dixieland-orchestra"],"_links":{"self":[{"href":"https:\/\/chicagodesavanja.us\/en\/wp-json\/wp\/v2\/posts\/26220","targetHints":{"allow":["GET"]}}],"collection":[{"href":"https:\/\/chicagodesavanja.us\/en\/wp-json\/wp\/v2\/posts"}],"about":[{"href":"https:\/\/chicagodesavanja.us\/en\/wp-json\/wp\/v2\/types\/post"}],"author":[{"embeddable":true,"href":"https:\/\/chicagodesavanja.us\/en\/wp-json\/wp\/v2\/users\/29"}],"replies":[{"embeddable":true,"href":"https:\/\/chicagodesavanja.us\/en\/wp-json\/wp\/v2\/comments?post=26220"}],"version-history":[{"count":1,"href":"https:\/\/chicagodesavanja.us\/en\/wp-json\/wp\/v2\/posts\/26220\/revisions"}],"predecessor-version":[{"id":26221,"href":"https:\/\/chicagodesavanja.us\/en\/wp-json\/wp\/v2\/posts\/26220\/revisions\/26221"}],"wp:featuredmedia":[{"embeddable":true,"href":"https:\/\/chicagodesavanja.us\/en\/wp-json\/wp\/v2\/media\/18425"}],"wp:attachment":[{"href":"https:\/\/chicagodesavanja.us\/en\/wp-json\/wp\/v2\/media?parent=26220"}],"wp:term":[{"taxonomy":"category","embeddable":true,"href":"https:\/\/chicagodesavanja.us\/en\/wp-json\/wp\/v2\/categories?post=26220"},{"taxonomy":"post_tag","embeddable":true,"href":"https:\/\/chicagodesavanja.us\/en\/wp-json\/wp\/v2\/tags?post=26220"}],"curies":[{"name":"WP","href":"https:\/\/api.w.org\/{rel}","templated":true}]}}