{"id":26147,"date":"2024-09-10T04:47:00","date_gmt":"2024-09-10T04:47:00","guid":{"rendered":"https:\/\/chicagodesavanja.us\/italijanka-preminula-tokom-operacije-njena-porodica-upala-u-bolnicu-i-napala-lekare\/"},"modified":"2024-09-10T04:47:00","modified_gmt":"2024-09-10T04:47:00","slug":"italijanka-preminula-tokom-operacije-njena-porodica-upala-u-bolnicu-i-napala-lekare","status":"publish","type":"post","link":"https:\/\/chicagodesavanja.us\/en\/vesti\/italijanka-preminula-tokom-operacije-njena-porodica-upala-u-bolnicu-i-napala-lekare\/","title":{"rendered":"Italijanka preminula tokom operacije, njena porodica upala u bolnicu i napala lekare"},"content":{"rendered":"<p class=\"wp-block-paragraph\">Ro\u0111aci i prijatelji Italijanke (23) koja je preminula u toku hirur\u0161ke intervencije na poliklinici &#8222;Rijuniti&#8220; u Fo\u0111i, u Italiji, uleteli su na odeljenje torakalne hirurgije bolnice i pretukli deo osoblja, pritom urlaju\u0107i da su je lekari ubili.<\/p>\n\n\n\n<p class=\"wp-block-paragraph\">Jedan hirurg je izudaran pesnicama u lice zbog \u010dega je pun modrica i o\u017eiljaka, drugi je ba\u010den na zemlju i \u0161utiran, a jednoj doktorki je slomljena ruka.<\/p>\n\n\n\n<p class=\"wp-block-paragraph\">&#8222;Izgledalo je kao da smo u seriji Gomora&#8220;, rekao je jedan od o\u010devidaca, naglasiv\u0161i da su &#8222;svi bili raspame\u0107eni&#8220;.<\/p>\n\n\n\n<p class=\"wp-block-paragraph\">Deo zdravstvenog osoblja uspeo je da se sakrije u ambulantu i pozove policiju, koja je uspostavila kontrolu i zaplenila zdravstveni karton preminule devojke. Tako\u0111e, obavljeni su razgovori sa uznemirenim ro\u0111acima preminule devojke, osobljem bolnice i svedocima, a preuzeti su i snimci sa sigurnosnih kamera.&nbsp;<\/p>\n\n\n\n<p class=\"wp-block-paragraph\">Devojka je u bolnici zavr\u0161ila krajem juna, posle saobra\u0107ajane nesre\u0107e u kojoj ju je udario automobil dok je vozila trotinet.<\/p>\n\n\n\n<p class=\"wp-block-paragraph\">Nekoliko sedmica je bila na odeljenju intenzivne nege i reanimacije, a zatim je podvrgnuta i operaciji kojom je trebalo da se spre\u010di su\u017eavanje respiratornog kanala, kada je i preminula.<\/p>\n\n\n\n<p class=\"wp-block-paragraph\">Bolnica je saop\u0161tila da je pokrenuta interna istraga, da duboko \u017eale zbog smrti devojke, ali i da su solidarni sa svojim osobljem koje je hirur\u0161ku intervenciju, kako se isti\u010de, izvr\u0161ilo u komplikovanim uslovima usled te\u0161kog stanja povre\u0111ene Italijanke.<\/p>\n\n\n\n<p class=\"wp-block-paragraph\">&#8222;Ne toleri\u0161emo nikakvu vrstu nasilja, a naro\u010dito ne onog prema zdravstvenom osoblju koje savesno vr\u0161i svoj posao&#8220;, izjavio je generalni direktor zdravstvene ustanove u Fo\u0111i Antonio Nigri.<\/p>\n\n\n\n<p class=\"wp-block-paragraph\">Predsednik Udru\u017eenja lekara u Fo\u0111i Pjerlui\u0111i de Paolis istakao je da su lekari upla\u0161eni i da mnogi od njih \u017eele da daju otkaz.<\/p>\n\n\n\n<p class=\"wp-block-paragraph\">&#8222;Ova situacija nala\u017ee da duboko razmislimo o tome \u0161ta se trenutno de\u0161ava i da vidimo koliko je zdravstveno osoblje sigurno na svom radnom mestu. Potrebno je da se razmisli o poo\u0161travanju okvira sankcija u slu\u010daju napada na lekare i zdravstvene radnike&#8220;, naveo je De Paolis.<\/p>\n\n\n\n<p class=\"wp-block-paragraph\">Udru\u017eenje lekara je spremno da zajedno sa lekarima iz Fo\u0111e protestuje.<\/p>\n\n\n\n<p class=\"wp-block-paragraph\">&#8222;Lekari nisu ubice i mi nemamo ni\u0161ta od solidarnosti gra\u0111ana i izjava o podr\u0161ci. Dozvoliti da \u010dak 50 osoba upadne u bolnicu, na jedno odeljenje, zna\u010di prekr\u0161iti osnovna pravila kontrole&#8220;, izjavili su predstavnici italijanskih zdravstvenih sindikata, naglasiv\u0161i i da&nbsp;tra\u017ee konkretne i momentalne mere.<\/p>\n\n\n\n<p class=\"wp-block-paragraph\"><\/p>\n\n\n\n<p class=\"wp-block-paragraph\" style=\"font-size:10px\">SOURCE: <a href=\"https:\/\/www.rts.rs\/lat\/vesti\/svet\/5527325\/italija-napad-lekari-bolnica-fodja-.html\" target=\"_blank\" rel=\"noopener\">RTS<\/a> PHOTO: SCREENSHOT<\/p>","protected":false},"excerpt":{"rendered":"<p>Ro\u0111aci i prijatelji Italijanke (23) koja je preminula u toku hirur\u0161ke intervencije na poliklinici &#8222;Rijuniti&#8220; u Fo\u0111i, u Italiji, uleteli su na odeljenje torakalne hirurgije bolnice i pretukli deo osoblja, pritom urlaju\u0107i da su je lekari ubili. Jedan hirurg je izudaran pesnicama u lice zbog \u010dega je pun modrica i o\u017eiljaka, drugi je ba\u010den na [&hellip;]<\/p>\n","protected":false},"author":4,"featured_media":0,"comment_status":"","ping_status":"","sticky":false,"template":"","format":"standard","meta":{"wpai_generated_summary":"","footnotes":""},"categories":[431,369],"tags":[5811,532,40193,40194],"class_list":["post-26147","post","type-post","status-publish","format-standard","hentry","category-svet","category-vesti","tag-bolnica","tag-italija","tag-italijanka","tag-operacija"],"_links":{"self":[{"href":"https:\/\/chicagodesavanja.us\/en\/wp-json\/wp\/v2\/posts\/26147","targetHints":{"allow":["GET"]}}],"collection":[{"href":"https:\/\/chicagodesavanja.us\/en\/wp-json\/wp\/v2\/posts"}],"about":[{"href":"https:\/\/chicagodesavanja.us\/en\/wp-json\/wp\/v2\/types\/post"}],"author":[{"embeddable":true,"href":"https:\/\/chicagodesavanja.us\/en\/wp-json\/wp\/v2\/users\/4"}],"replies":[{"embeddable":true,"href":"https:\/\/chicagodesavanja.us\/en\/wp-json\/wp\/v2\/comments?post=26147"}],"version-history":[{"count":0,"href":"https:\/\/chicagodesavanja.us\/en\/wp-json\/wp\/v2\/posts\/26147\/revisions"}],"wp:attachment":[{"href":"https:\/\/chicagodesavanja.us\/en\/wp-json\/wp\/v2\/media?parent=26147"}],"wp:term":[{"taxonomy":"category","embeddable":true,"href":"https:\/\/chicagodesavanja.us\/en\/wp-json\/wp\/v2\/categories?post=26147"},{"taxonomy":"post_tag","embeddable":true,"href":"https:\/\/chicagodesavanja.us\/en\/wp-json\/wp\/v2\/tags?post=26147"}],"curies":[{"name":"WP","href":"https:\/\/api.w.org\/{rel}","templated":true}]}}