{"id":26135,"date":"2024-09-11T04:51:00","date_gmt":"2024-09-11T04:51:00","guid":{"rendered":"https:\/\/chicagodesavanja.us\/nemacka-uvodi-kontrole-na-svim-granicama-kritike-policije-sindikata-i-strucnjaka\/"},"modified":"2024-09-11T04:51:00","modified_gmt":"2024-09-11T04:51:00","slug":"nemacka-uvodi-kontrole-na-svim-granicama-kritike-policije-sindikata-i-strucnjaka","status":"publish","type":"post","link":"https:\/\/chicagodesavanja.us\/en\/vesti\/nemacka-uvodi-kontrole-na-svim-granicama-kritike-policije-sindikata-i-strucnjaka\/","title":{"rendered":"Nema\u010dka uvodi kontrole na svim granicama: Kritike policije, sindikata i stru\u010dnjaka"},"content":{"rendered":"<p class=\"wp-block-paragraph\">Od slede\u0107e nedelje uvode se kontrole na svim nema\u010dkim granicama, a bi\u0107e i &#8222;odbijanja ulaska u zemlju u skladu s evropskim pravom&#8220;. Policija i stru\u010dnjaci za grani\u010dnu kontrolu na te najave iz Berlina gledaju sa skepsom. <\/p>\n\n\n\n<p class=\"wp-block-paragraph\">Nema\u010dka ministarka unutra\u0161njih poslova Nensi Fezer donela je odluku da se privremeno pro\u0161ire kontrole na sve nema\u010dke nacionalne granice. Razlozi za to su ograni\u010davanje iregularnih migracija, ali i za\u0161tita unutra\u0161nje bezbednosti od aktuelnih pretnji islamisti\u010dkog terorizma i prekograni\u010dnog kriminala, obja\u0161njava Fezer.<\/p>\n\n\n\n<p class=\"wp-block-paragraph\">Planirano je da dodatne kontrole po\u010dnu 16. septembra, a traja\u0107e, za po\u010detak, \u0161est meseci. To zna\u010di da \u0107e &#8222;ceo paket mera stacionarne i mobilne grani\u010dne policije postojati na svim granicama, uklju\u010duju\u0107i i mogu\u0107nost odbijanja ulaska u skladu sa evropskim i nacionalnim pravom&#8220;, navodi se u saop\u0161tenju nema\u010dkog Ministarstva.<\/p>\n\n\n\n<p class=\"wp-block-paragraph\">Pritom bi, kako se dodaje, uticaj na one koji preko granice odlaze na posao trebalo da bude \u0161to je mogu\u0107e manji.<\/p>\n\n\n\n<p class=\"wp-block-paragraph\">Ministarka je sredinom oktobra pro\u0161le godine uvela stacionarne kontrole na granicama sa Poljskom, \u010ce\u0161kom i \u0160vajcarskom.<\/p>\n\n\n\n<p class=\"wp-block-paragraph\">Takve kontrole postoje na nema\u010dko-austrijskoj kopnenoj granici jo\u0161 od septembra 2015. Sada \u0107e \u2013 kao \u0161to je bilo uvedeno tokom Evropskog prvenstva u fudbalu \u2013 da postoje kontrole i na granicama sa Francuskom, Luksemburgom, Holandijom, Belgijom i Danskom.<\/p>\n\n\n\n<p class=\"wp-block-paragraph\">Kontrole na unutra\u0161njim granicama u \u0161engenskom prostoru mogu se uvesti samo u izuzetnim slu\u010dajevima, a to se mora prijaviti Evropskoj komisiji.<\/p>\n\n\n\n<p class=\"wp-block-paragraph\">Pored grani\u010dnih kontrola, ministarka Fezer najavila je i pro\u0161irenje pravila o odbijanju migranata na nema\u010dkim granicama \u2013 ne navode\u0107i pritom detalje.<\/p>\n\n\n\n<p class=\"wp-block-paragraph\">Nema\u010dka vlada je, nakon pro\u0161lonedeljnog sastanka s predstavnicima opozicionih demohri\u0161\u0107ana (CDU\/CSU), kao sa predstavnicima pokrajina, &#8222;razvila model za efektivna odbijanja u skladu s evropskim zakonima&#8220;, saop\u0161tilo je Ministarstvo i dodalo da taj model &#8222;prevazilazi&#8220; ono \u0161to je do sada ra\u0111eno.<\/p>\n\n\n\n<p class=\"wp-block-paragraph\">Odbijanja ulaska na nema\u010dkim granicama mogu\u0107a su samo tamo gde su kontrole direktno na granici.<\/p>\n\n\n\n<p class=\"wp-block-paragraph\">Prema podacima Ministarstva unutra\u0161njih poslova, tokom provera od oktobra 2023. otkriveno je oko 52.000 neovla\u0161\u0107enih ulazaka u Nema\u010dku, a 30.000 ljudi je odbijeno.<\/p>\n\n\n\n<p class=\"wp-block-paragraph\">Odbijanje je trenutno mogu\u0107e samo u odre\u0111enim slu\u010dajevima: ako je nekome zabranjen ulazak u zemlju ili nije podneo zahtev za dobijanje azila.<\/p>\n\n\n\n<p class=\"wp-block-paragraph\">Austrija je ve\u0107 najavila da ne \u017eeli da primi nijednog migranta koje Nema\u010dka bude odbila.<\/p>\n\n\n\n<p class=\"wp-block-paragraph\"><\/p>\n\n\n\n<p class=\"wp-block-paragraph\" style=\"font-size:10px\">SOURCE: <a href=\"https:\/\/rts.rs\/lat\/vesti\/svet\/5528902\/nemacka-kontrole-sve-granice.html\" target=\"_blank\" rel=\"noopener\">RTS<\/a> I FOTO: PRINTSCREEN\/PEXELS<\/p>","protected":false},"excerpt":{"rendered":"<p>Od slede\u0107e nedelje uvode se kontrole na svim nema\u010dkim granicama, a bi\u0107e i &#8222;odbijanja ulaska u zemlju u skladu s evropskim pravom&#8220;. Policija i stru\u010dnjaci za grani\u010dnu kontrolu na te najave iz Berlina gledaju sa skepsom. Nema\u010dka ministarka unutra\u0161njih poslova Nensi Fezer donela je odluku da se privremeno pro\u0161ire kontrole na sve nema\u010dke nacionalne granice. [&hellip;]<\/p>\n","protected":false},"author":4,"featured_media":0,"comment_status":"","ping_status":"","sticky":false,"template":"","format":"standard","meta":{"footnotes":""},"categories":[431,369],"tags":[434,30092,3478,535],"class_list":["post-26135","post","type-post","status-publish","format-standard","hentry","category-svet","category-vesti","tag-evropska-unija","tag-granice","tag-kontrola","tag-nemacka"],"_links":{"self":[{"href":"https:\/\/chicagodesavanja.us\/en\/wp-json\/wp\/v2\/posts\/26135","targetHints":{"allow":["GET"]}}],"collection":[{"href":"https:\/\/chicagodesavanja.us\/en\/wp-json\/wp\/v2\/posts"}],"about":[{"href":"https:\/\/chicagodesavanja.us\/en\/wp-json\/wp\/v2\/types\/post"}],"author":[{"embeddable":true,"href":"https:\/\/chicagodesavanja.us\/en\/wp-json\/wp\/v2\/users\/4"}],"replies":[{"embeddable":true,"href":"https:\/\/chicagodesavanja.us\/en\/wp-json\/wp\/v2\/comments?post=26135"}],"version-history":[{"count":0,"href":"https:\/\/chicagodesavanja.us\/en\/wp-json\/wp\/v2\/posts\/26135\/revisions"}],"wp:attachment":[{"href":"https:\/\/chicagodesavanja.us\/en\/wp-json\/wp\/v2\/media?parent=26135"}],"wp:term":[{"taxonomy":"category","embeddable":true,"href":"https:\/\/chicagodesavanja.us\/en\/wp-json\/wp\/v2\/categories?post=26135"},{"taxonomy":"post_tag","embeddable":true,"href":"https:\/\/chicagodesavanja.us\/en\/wp-json\/wp\/v2\/tags?post=26135"}],"curies":[{"name":"WP","href":"https:\/\/api.w.org\/{rel}","templated":true}]}}