{"id":26099,"date":"2024-09-13T05:43:00","date_gmt":"2024-09-13T05:43:00","guid":{"rendered":"https:\/\/chicagodesavanja.us\/trump-nece-biti-druge-debate-sa-harris\/"},"modified":"2024-09-13T05:43:00","modified_gmt":"2024-09-13T05:43:00","slug":"trump-nece-biti-druge-debate-sa-harris","status":"publish","type":"post","link":"https:\/\/chicagodesavanja.us\/en\/vesti\/trump-nece-biti-druge-debate-sa-harris\/","title":{"rendered":"Trump ka\u017ee da se ne\u0107e ponovo suo\u010diti sa Harris u debati"},"content":{"rendered":"<p class=\"wp-block-paragraph\">Donald Trump je izjavio da ne\u0107e u\u010destvovati u novoj debati sa Kamalom Harris, biv\u0161i predsednik je to potvrdio u \u010detvrtak, 12. septembra.<\/p>\n\n\n\n<p class=\"wp-block-paragraph\">&#8222;NE\u0106E BITI TRE\u0106E DEBATE!&#8220;, napisao je Trump velikim slovima na Truth Social-u, aludiraju\u0107i na svoju prvu debatu sa predsednikom Joe Biden-om u junu i drugu sa Kamalom Harris, koja se odigrala u utorak.<\/p>\n\n\n\n<p class=\"wp-block-paragraph\">Ttim Kamala-e Harris, koji nije odmah odgovorio na zahtev za komentar, pozvao je Trump-a na dodatnu debatu nakon njihovog su\u010deljavanja ranije ove nedelje, a Fox News je ponudio da bude doma\u0107in.<\/p>\n\n\n\n<p class=\"wp-block-paragraph\">&#8222;Dugujemo glasa\u010dima jo\u0161 jednu debatu,&#8220; izjavila je Harris na mitingu u Severnoj Karolini, nekoliko minuta nakon \u0161to je Trump najavio da se ne\u0107e ponovo suo\u010diti s njom.<\/p>\n\n\n\n<p class=\"wp-block-paragraph\">Me\u0111utim, Trump je u sredu, 11. septembra izjavio za \u201cFox &amp; Friends\u201d da se &#8222;verovatno&#8220; ne\u0107e slo\u017eiti s jo\u0161 jednom debatom, a u \u010detvrtak, 12. septembra je definitivno potvrdio da ne\u0107e u\u010destvovati u novom su\u010deljavanju sa potpredsednicom. On je svoju odluku obrazlo\u017eio kao rezultat ubedljive pobede, uprkos mi\u0161ljenju mnogih da je debata i\u0161la u prilog Harris.<\/p>\n\n\n\n<p class=\"wp-block-paragraph\">&#8222;Kad bokser izgubi me\u010d, prve re\u010di koje izgovori su &#8216;HO\u0106U REVAN\u0160,'&#8220; napisao je Trump.<\/p>\n\n\n\n<p class=\"wp-block-paragraph\">Obe kampanje tvrdile su da su pobedile u utorak, iako je Harris uspela da izbegne odgovore na pitanja o u\u010dinku administracije Joe Bidena i svojoj politi\u010dkoj pro\u0161losti, dok je Trump skrenuo temu na svoje uobi\u010dajene tirade o veli\u010dini publike i neutemeljene tvrdnje o imigrantima sa Haitija.<\/p>\n\n\n\n<p class=\"wp-block-paragraph\">Odmah nakon debate, Trump je rekao novinarima da je to bila &#8222;njegova najbolja debata&#8220;, ali je kritikovao ABC News za, kako je rekao, &#8222;nepravedan tretman&#8220;, pozivaju\u0107i se na nekoliko trenutaka kada su ga moderatori David Muir i Linsey Davis ispravili u\u017eivo.<\/p>\n\n\n\n<p class=\"wp-block-paragraph\">Ipak, neki republikanci su priznali da Trumpov nastup nije bio impresivan. Senator Lindsey Graham iz Ju\u017ene Karoline nazvao je to &#8222;propu\u0161tenom prilikom&#8220;, dok su neki GOP stratezi izjavili za POLITICO da nisu bili impresionirani.<\/p>\n\n\n\n<p class=\"wp-block-paragraph\" style=\"font-size:10px\">SOURCE: <a href=\"https:\/\/www.politico.com\/news\/2024\/09\/12\/trump-refuses-harris-debate-again-00178933\" target=\"_blank\" rel=\"noopener\">POLITICO<\/a> PHOTO: YOUTUBE SCREENSHOT<\/p>","protected":false},"excerpt":{"rendered":"<p>Donald Trump je izjavio da ne\u0107e u\u010destvovati u novoj debati sa Kamalom Harris, biv\u0161i predsednik je to potvrdio u \u010detvrtak, 12. septembra. &#8222;NE\u0106E BITI TRE\u0106E DEBATE!&#8220;, napisao je Trump velikim slovima na Truth Social-u, aludiraju\u0107i na svoju prvu debatu sa predsednikom Joe Biden-om u junu i drugu sa Kamalom Harris, koja se odigrala u utorak. [&hellip;]<\/p>\n","protected":false},"author":3,"featured_media":0,"comment_status":"","ping_status":"","sticky":false,"template":"","format":"standard","meta":{"footnotes":""},"categories":[368,369],"tags":[4413,39694,404,909,36389,39985,592,8630,39986,12409,19479,26726,37636,39987,39988,1739],"class_list":["post-26099","post","type-post","status-publish","format-standard","hentry","category-vesti-amerika","category-vesti","tag-abc-news","tag-debata","tag-donald-trump","tag-fox-news","tag-izbori-u-americi-2024","tag-jason-miller","tag-joe-biden","tag-kamala-harris","tag-lara-trump","tag-lindsey-graham","tag-nbc","tag-predsednicka-kampanja","tag-predsednicki-izbori-amerika-2024","tag-rnc","tag-tony-fabrizio","tag-truth-social"],"_links":{"self":[{"href":"https:\/\/chicagodesavanja.us\/en\/wp-json\/wp\/v2\/posts\/26099","targetHints":{"allow":["GET"]}}],"collection":[{"href":"https:\/\/chicagodesavanja.us\/en\/wp-json\/wp\/v2\/posts"}],"about":[{"href":"https:\/\/chicagodesavanja.us\/en\/wp-json\/wp\/v2\/types\/post"}],"author":[{"embeddable":true,"href":"https:\/\/chicagodesavanja.us\/en\/wp-json\/wp\/v2\/users\/3"}],"replies":[{"embeddable":true,"href":"https:\/\/chicagodesavanja.us\/en\/wp-json\/wp\/v2\/comments?post=26099"}],"version-history":[{"count":0,"href":"https:\/\/chicagodesavanja.us\/en\/wp-json\/wp\/v2\/posts\/26099\/revisions"}],"wp:attachment":[{"href":"https:\/\/chicagodesavanja.us\/en\/wp-json\/wp\/v2\/media?parent=26099"}],"wp:term":[{"taxonomy":"category","embeddable":true,"href":"https:\/\/chicagodesavanja.us\/en\/wp-json\/wp\/v2\/categories?post=26099"},{"taxonomy":"post_tag","embeddable":true,"href":"https:\/\/chicagodesavanja.us\/en\/wp-json\/wp\/v2\/tags?post=26099"}],"curies":[{"name":"WP","href":"https:\/\/api.w.org\/{rel}","templated":true}]}}