{"id":26062,"date":"2024-09-17T04:51:00","date_gmt":"2024-09-17T04:51:00","guid":{"rendered":"https:\/\/chicagodesavanja.us\/pola-evrope-pod-vodom-raste-broj-stradalih-u-poljskoj-evakuisan-grad-od-44-000-stanovnika\/"},"modified":"2024-09-17T04:51:00","modified_gmt":"2024-09-17T04:51:00","slug":"pola-evrope-pod-vodom-raste-broj-stradalih-u-poljskoj-evakuisan-grad-od-44-000-stanovnika","status":"publish","type":"post","link":"https:\/\/chicagodesavanja.us\/en\/vesti\/pola-evrope-pod-vodom-raste-broj-stradalih-u-poljskoj-evakuisan-grad-od-44-000-stanovnika\/","title":{"rendered":"Pola Evrope pod vodom, raste broj stradalih: U Poljskoj evakuisan grad od 44.000 stanovnika"},"content":{"rendered":"<p class=\"wp-block-paragraph\">Izuzetno obilne padavine koje su pogodile centralnu Evropu izazvale su smrtonosne poplave u regionu u kojima su \u017eivot izgubile jo\u0161 \u010detiri osobe u Poljskoj, tri u \u010ce\u0161koj i jedna u Rumuniji, pa je ukupan broj poginulih porastao na 16.<\/p>\n\n\n\n<p class=\"wp-block-paragraph\">Gradona\u010delnik\u00a0poljskog\u00a0grada Nisa Kordijan Kolbijar\u017e zatra\u017eio je od 44.000 stanovnika da se evakui\u0161u jer preti\u00a0poplava.<\/p>\n\n\n\n<p class=\"wp-block-paragraph\">On je zatra\u017eio od gra\u0111ana da se popnu na brda, navode\u0107i da postoki razlog da do\u0111e do potopa u gradu i probijanja nasipa iz okolnog jezera, preneo je BBC, pi\u0161e Tanjug.<\/p>\n\n\n\n<p class=\"wp-block-paragraph\">Osim Poljske, poplave su zahvatile delove Austrije, \u010ce\u0161ke i Rumunije, jer je sistem niskog pritiska koji prelazi preko regiona danima izazivao rekordne ki\u0161e, a o\u010dekuje se da \u0107e uskoro pogoditi Slova\u010dku i Ma\u0111arsku, preneo je AP.<\/p>\n\n\n\n<p class=\"wp-block-paragraph\">Do sada je nastradalo 16 osoba \u2013 sedam u Rumuniji, pet u Poljskoj, tri u \u010ce\u0161koj i jedna u Austriji.<\/p>\n\n\n\n<p class=\"wp-block-paragraph\">Situacija u Poljskoj, u blizini granice sa \u010ce\u0161kom, zakomplikovala se nakon \u0161to je pukla brana, javljaju poljski mediji.<\/p>\n\n\n\n<p class=\"wp-block-paragraph\">Tako\u0111e, gradona\u010delnik poljskog grada Pa\u010dkova naredio evakuaciju donjeg dela dela grada i jo\u0161 dva obli\u017enja mesta.<\/p>\n\n\n\n<p class=\"wp-block-paragraph\">Bolnica u jugozapadnom poljskom gradu Nisi evakuisala je oko 40 pacijenata.<\/p>\n\n\n\n<p class=\"wp-block-paragraph\">Prema re\u010dima gradona\u010delnika Kolbijarza, situacija je dramati\u010dna, preneo je Polsat njuz.<\/p>\n\n\n\n<p class=\"wp-block-paragraph\">\u201eVe\u0107i deo grada je poplavljen. Grad je trenutno neprohodan. Ima okruga koji su potpuno poplavljeni. Nisa se kupa u vodi\u201c, dodao je on.<\/p>\n\n\n\n<p class=\"wp-block-paragraph\">Kako je objasnio, u Nisi trenutno poku\u0161avaju da \u201ezakrpe\u201c razbijeni nasip.<\/p>\n\n\n\n<p class=\"wp-block-paragraph\">Poljski premijer Donald Tusk odr\u017eao hitan sastanak i kasnije proglasio katastrofu u poplavljenim podru\u010djima, \u0161to je vladina mera za olak\u0161avanje evakuacije i spa\u0161avanja.<\/p>\n\n\n\n<p class=\"wp-block-paragraph\">On je, tako\u0111e, rekao da \u0107e vlada obezbediti milijardu zlota (258.000 dolara) za trenutnu isplatu pomo\u0107i pogo\u0111enima.<\/p>\n\n\n\n<p class=\"wp-block-paragraph\">\u0160kole i kancelarije u pogo\u0111enim oblastima su zatvorene, a voda za pi\u0107e i hrana dopremani su kamionima.<\/p>\n\n\n\n<p class=\"wp-block-paragraph\">Mnogi poljski gradovi, uklju\u010duju\u0107i Var\u0161avu, pozivaju da se obezbede donacije hrane za pogo\u0111ene u poplavama.<\/p>\n\n\n\n<p class=\"wp-block-paragraph\">Stru\u010dnjaci su upozorili na pretnje od poplava zbog izlivanja reke Odre u Opolju, gradu od oko 130.000 stanovnika i Vroclavu, gde \u017eivi oko 640.000 stanovnika, gde su se 1997. dogodile katastrofalne poplave.<\/p>\n\n\n\n<p class=\"wp-block-paragraph\"><\/p>\n\n\n\n<p class=\"wp-block-paragraph\" style=\"font-size:10px\">SOURCE: <a href=\"https:\/\/n1info.rs\/svet\/u-poplavama-u-evropi-stradalo-16-ljudi-evakuisan-grad-u-poljskoj\/\" target=\"_blank\" rel=\"noopener\">N1<\/a> PHOTO: SCREENSHOT<\/p>","protected":false},"excerpt":{"rendered":"<p>Izuzetno obilne padavine koje su pogodile centralnu Evropu izazvale su smrtonosne poplave u regionu u kojima su \u017eivot izgubile jo\u0161 \u010detiri osobe u Poljskoj, tri u \u010ce\u0161koj i jedna u Rumuniji, pa je ukupan broj poginulih porastao na 16. Gradona\u010delnik\u00a0poljskog\u00a0grada Nisa Kordijan Kolbijar\u017e zatra\u017eio je od 44.000 stanovnika da se evakui\u0161u jer preti\u00a0poplava. On je [&hellip;]<\/p>\n","protected":false},"author":4,"featured_media":0,"comment_status":"","ping_status":"","sticky":false,"template":"","format":"standard","meta":{"wpai_generated_summary":"","footnotes":""},"categories":[431,369],"tags":[25585,8490,433,11288,1451],"class_list":["post-26062","post","type-post","status-publish","format-standard","hentry","category-svet","category-vesti","tag-centralna-evropa","tag-evakuacija","tag-evropa","tag-poljska","tag-poplave"],"_links":{"self":[{"href":"https:\/\/chicagodesavanja.us\/en\/wp-json\/wp\/v2\/posts\/26062","targetHints":{"allow":["GET"]}}],"collection":[{"href":"https:\/\/chicagodesavanja.us\/en\/wp-json\/wp\/v2\/posts"}],"about":[{"href":"https:\/\/chicagodesavanja.us\/en\/wp-json\/wp\/v2\/types\/post"}],"author":[{"embeddable":true,"href":"https:\/\/chicagodesavanja.us\/en\/wp-json\/wp\/v2\/users\/4"}],"replies":[{"embeddable":true,"href":"https:\/\/chicagodesavanja.us\/en\/wp-json\/wp\/v2\/comments?post=26062"}],"version-history":[{"count":0,"href":"https:\/\/chicagodesavanja.us\/en\/wp-json\/wp\/v2\/posts\/26062\/revisions"}],"wp:attachment":[{"href":"https:\/\/chicagodesavanja.us\/en\/wp-json\/wp\/v2\/media?parent=26062"}],"wp:term":[{"taxonomy":"category","embeddable":true,"href":"https:\/\/chicagodesavanja.us\/en\/wp-json\/wp\/v2\/categories?post=26062"},{"taxonomy":"post_tag","embeddable":true,"href":"https:\/\/chicagodesavanja.us\/en\/wp-json\/wp\/v2\/tags?post=26062"}],"curies":[{"name":"WP","href":"https:\/\/api.w.org\/{rel}","templated":true}]}}