{"id":25775,"date":"2024-10-12T09:15:00","date_gmt":"2024-10-12T09:15:00","guid":{"rendered":"https:\/\/chicagodesavanja.us\/na-izborima-u-sad-glasace-i-24-miliona-imigranata-sa-americkim-drzavljanstvom\/"},"modified":"2024-10-12T09:15:00","modified_gmt":"2024-10-12T09:15:00","slug":"na-izborima-u-sad-glasace-i-24-miliona-imigranata-sa-americkim-drzavljanstvom","status":"publish","type":"post","link":"https:\/\/chicagodesavanja.us\/en\/vesti\/na-izborima-u-sad-glasace-i-24-miliona-imigranata-sa-americkim-drzavljanstvom\/","title":{"rendered":"Na izborima u SAD glasa\u0107e i 24 miliona imigranata sa ameri\u010dkim dr\u017eavljanstvom"},"content":{"rendered":"<p class=\"wp-block-paragraph\">Skoro 24 miliona imigranata koji su dobili ameri\u010dko dr\u017eavljanstvo, ima\u0107e pravo glasa na novembarskim predsedni\u010dkim izborima, navodi se u analizi podataka popisa stanovni\u0161tva Istra\u017eiva\u010dkog centra Pju.<\/p>\n\n\n\n<p class=\"wp-block-paragraph\">Glas Amerike razgovarao je sa dvoje naturalizovanih dr\u017eavljana o tome kako razmi\u0161ljaju pred glasanje.<\/p>\n\n\n\n<p class=\"wp-block-paragraph\">Laban Sejum je vredan \u010dovek, koji radi mnogo sati u svojoj maloj, \u0161pediterskoj kompaniji u D\u017eesapu, u saveznoj dr\u017eavi Merilend.<\/p>\n\n\n\n<p class=\"wp-block-paragraph\">Do\u0161ao je u Sjedinjene Dr\u017eave sa svojom porodicom 2000. godine da bi izbegao rat Etiopije i Eritreje. Sejum ka\u017ee da je i fiskalno i socijalno konzervativna osoba i da je veliki pristalica republikanskog predsedni\u010dkog kandidata Donalda Trampa.<\/p>\n\n\n\n<p class=\"wp-block-paragraph\">\u201cKada je predsednik Tramp bio na vlasti, posao je bio izvanredan. Znate, tr\u017ei\u0161te je bilo sjajno, mogu\u0107nosti su bile sjajne i ljudi su bili optimisti\u201d, ka\u017ee on.<\/p>\n\n\n\n<p class=\"wp-block-paragraph\">Sejum je registrovan kao republikanac, a bio je i kandidat svoje stranke za nominaciju za polo\u017eaj ameri\u010dkog senatora iz Merilenda. On ka\u017ee da firme kao \u0161to je njegova ose\u0107aju pritisak visokih cena goriva &#8211; za koje okrivljuje demokrate.<\/p>\n\n\n\n<p class=\"wp-block-paragraph\">\u201cTrenutno, na \u017ealost, sa cenama goriva, to je oko 4 i po &#8211; 5 dolara za dizel, to \u010dini ovaj posao neprofitabilnim&#8220;, ka\u017ee Sejum.<\/p>\n\n\n\n<p class=\"wp-block-paragraph\">Znaju\u0107i da su nestabilne globalne cene nafte odre\u0111ene slo\u017eenom kombinacijom faktora, Sejum ka\u017ee da Tramp ima odgovor.<\/p>\n\n\n\n<p class=\"wp-block-paragraph\">\u201cTramp nam je pokazao kako da to uradimo. Bu\u0161i\u0161, bu\u0161i\u0161, bu\u0161i\u0161, bu\u0161i\u0161. A, onda se takmi\u010di\u0161. Vidite, ne moramo da istra\u017eujemo druge ideologije&#8220;, isti\u010de on.<\/p>\n\n\n\n<p class=\"wp-block-paragraph\">Fatmata Beri druga\u010dije vidi ponudu na ovim izborima.<\/p>\n\n\n\n<p class=\"wp-block-paragraph\">Ona je do\u0161la u Sjedinjene Dr\u017eave iz Sijera Leonea kada je imala 11 godina. Beri je diplomirala pravo, radi kao organizator za zajednicu i gra\u0111anska prava, i izvr\u0161ni je direktor Odbora za policijsku odgovornost u okrugu Montgomeri, u Merilendu. Glasa\u0107e za Kamalu Haris.<\/p>\n\n\n\n<p class=\"wp-block-paragraph\">&#8222;Mislim da je potpredsednica Kamala Haris osoba za narod. Ona je osoba koja nam sada treba da premostimo trenutne podele&#8220;, isti\u010de Beri.<\/p>\n\n\n\n<p class=\"wp-block-paragraph\">Ona ka\u017ee da je zabrinuta zbog mogu\u0107eg jo\u0161 jednog predsedni\u010dkog mandata Trampa.<\/p>\n\n\n\n<p class=\"wp-block-paragraph\">&#8222;Pla\u0161im se. Strah od imigranata ponovo po\u010dinje. Strah od ljudi druga\u010dije boje ko\u017ee ponovo po\u010dinje. A kada osoba na vrhu raspiruje taj strah, drugi se onda ne ustru\u010davaju&#8220;, ka\u017ee ona.<\/p>\n\n\n\n<p class=\"wp-block-paragraph\">Beri volontira u lokalnoj banci hrane i ka\u017ee da napredak ameri\u010dke ekonomije ne ide svima u prilog jednako.<\/p>\n\n\n\n<p class=\"wp-block-paragraph\">\u201cU su\u0161tini, razlika je u tome \u0161to \u0107e 0,1% na vrhu imati sav novac, a mi ostali \u0107emo se mu\u010diti, ako pobedi Tramp. Ova zemlja nikada nije bila tako izgra\u0111ena. Amerika je postala Amerika zbog svega \u0161to su radnici u\u010dinili za ovu zemlju&#8220;.<\/p>\n\n\n\n<p class=\"wp-block-paragraph\">Centar Pju navodi da naturalizovani dr\u017eavljani \u010dine oko 10 odsto bira\u010da u Sjedinjenim Dr\u017eavama, i da je ve\u0107ina njih u Americi vi\u0161e od 20 godina.<\/p>\n\n\n\n<p class=\"wp-block-paragraph\" style=\"font-size:10px\">SOURCE: <a href=\"https:\/\/www.glasamerike.net\/a\/glasanje-bira%C4%8Di-imigranti-izbori\/7816430.html\" target=\"_blank\" rel=\"noopener\">Voice of America<\/a> PHOTO: PEXELS<\/p>","protected":false},"excerpt":{"rendered":"<p>Skoro 24 miliona imigranata koji su dobili ameri\u010dko dr\u017eavljanstvo, ima\u0107e pravo glasa na novembarskim predsedni\u010dkim izborima, navodi se u analizi podataka popisa stanovni\u0161tva Istra\u017eiva\u010dkog centra Pju. Glas Amerike razgovarao je sa dvoje naturalizovanih dr\u017eavljana o tome kako razmi\u0161ljaju pred glasanje. Laban Sejum je vredan \u010dovek, koji radi mnogo sati u svojoj maloj, \u0161pediterskoj kompaniji u [&hellip;]<\/p>\n","protected":false},"author":3,"featured_media":0,"comment_status":"","ping_status":"","sticky":false,"template":"","format":"standard","meta":{"wpai_generated_summary":"","footnotes":""},"categories":[368,369],"tags":[4668,538,6770,405,5393,568],"class_list":["post-25775","post","type-post","status-publish","format-standard","hentry","category-vesti-amerika","category-vesti","tag-americki-izbori","tag-amerika","tag-glasanje","tag-izbori","tag-migranti","tag-sad"],"_links":{"self":[{"href":"https:\/\/chicagodesavanja.us\/en\/wp-json\/wp\/v2\/posts\/25775","targetHints":{"allow":["GET"]}}],"collection":[{"href":"https:\/\/chicagodesavanja.us\/en\/wp-json\/wp\/v2\/posts"}],"about":[{"href":"https:\/\/chicagodesavanja.us\/en\/wp-json\/wp\/v2\/types\/post"}],"author":[{"embeddable":true,"href":"https:\/\/chicagodesavanja.us\/en\/wp-json\/wp\/v2\/users\/3"}],"replies":[{"embeddable":true,"href":"https:\/\/chicagodesavanja.us\/en\/wp-json\/wp\/v2\/comments?post=25775"}],"version-history":[{"count":0,"href":"https:\/\/chicagodesavanja.us\/en\/wp-json\/wp\/v2\/posts\/25775\/revisions"}],"wp:attachment":[{"href":"https:\/\/chicagodesavanja.us\/en\/wp-json\/wp\/v2\/media?parent=25775"}],"wp:term":[{"taxonomy":"category","embeddable":true,"href":"https:\/\/chicagodesavanja.us\/en\/wp-json\/wp\/v2\/categories?post=25775"},{"taxonomy":"post_tag","embeddable":true,"href":"https:\/\/chicagodesavanja.us\/en\/wp-json\/wp\/v2\/tags?post=25775"}],"curies":[{"name":"WP","href":"https:\/\/api.w.org\/{rel}","templated":true}]}}