{"id":25764,"date":"2024-10-14T04:26:00","date_gmt":"2024-10-14T04:26:00","guid":{"rendered":"https:\/\/chicagodesavanja.us\/protesti-u-madridu-hiljade-ljudi-na-ulicama-zbog-visokih-cena-zakupa\/"},"modified":"2024-10-14T04:26:00","modified_gmt":"2024-10-14T04:26:00","slug":"protesti-u-madridu-hiljade-ljudi-na-ulicama-zbog-visokih-cena-zakupa","status":"publish","type":"post","link":"https:\/\/chicagodesavanja.us\/en\/vesti\/protesti-u-madridu-hiljade-ljudi-na-ulicama-zbog-visokih-cena-zakupa\/","title":{"rendered":"Protesti u Madridu: Hiljade ljudi na ulicama zbog visokih cena zakupa"},"content":{"rendered":"<p class=\"wp-block-paragraph\">Hiljade ljudi protestovalo je u Madridu zahtevaju\u0107i pristupa\u010dnije stanovanje usred rastu\u0107eg nezadovoljstva \u0160panaca zbog visokih cena zakupa.<\/p>\n\n\n\n<p class=\"wp-block-paragraph\">Pod sloganom \u201eStanovanje je pravo, a ne posao\u201c, stanovnici su pro\u0161etali \u0161panskom prestonicom tra\u017ee\u0107i ni\u017ee cene zakupa i bolje uslove \u017eivota.<\/p>\n\n\n\n<p class=\"wp-block-paragraph\">\u201e\u0160panci ne mogu da \u017eive u svojim gradovima. Teraju nas iz gradova. Vlada mora da reguli\u0161e cene, reguli\u0161e tr\u017ei\u0161te nekretnina\u201c, rekla je tridesettrogodi\u0161nja medicinska sestra Blanka Prieto.<\/p>\n\n\n\n<p class=\"wp-block-paragraph\">U julu je \u0161panska vlada najavila suzbijanje kratkoro\u010dnih i sezonskih iznajmljivanja. Vlada planira da istra\u017ei oglase na platformama kao \u0161to su Airbnb i Booking.com kako bi proverila da li imaju licence.<\/p>\n\n\n\n<p class=\"wp-block-paragraph\">\u0160panija poku\u0161ava da prona\u0111e na\u010dine da uravnote\u017ei promociju turizma, klju\u010dnog pokreta\u010da njene ekonomije, sa problemom neopravdano visokih renti izazvanih gentrifikacijom i prelaskom vlasnika nekretnina na unosnije turisti\u010dke iznajmljivanje.<\/p>\n\n\n\n<p class=\"wp-block-paragraph\">U odvojenom protestu u Barseloni protiv doma\u0107ina jedrili\u010darske trke Kupa Amerike, demonstranti su okrivili me\u0111unarodni sportski doga\u0111aj za pove\u0107anje cena iznajmljivanja i dovo\u0111enje jo\u0161 vi\u0161e turista u ionako prenaseljen grad.<\/p>\n\n\n\n<p class=\"wp-block-paragraph\">Stanovnici Kanarskih ostrva i Malage su i ove godine organizovali proteste zbog sve ve\u0107e preorijentacije vlasnika nekretnina na turisti\u010dki sme\u0161taj.<\/p>\n\n\n\n<p class=\"wp-block-paragraph\">Sezonski radnici u ugostiteljstvu te\u0161ko pronalaze sme\u0161taj u ovim turisti\u010dkim centrima, pa mnogi spavaju u kamp prikolicama ili \u010dak u automobilima.<\/p>\n\n\n\n<p class=\"wp-block-paragraph\"><\/p>\n\n\n\n<p class=\"wp-block-paragraph\" style=\"font-size:10px\">SOURCE: <a href=\"https:\/\/n1info.rs\/svet\/protesti-u-madridu-hiljade-ljudi-na-ulicama-zbog-visokih-cena-zakupa\/\" target=\"_blank\" rel=\"noopener\">N1 <\/a>I FOTO: PRINTSCREEN\/PEXELS<\/p>","protected":false},"excerpt":{"rendered":"<p>Hiljade ljudi protestovalo je u Madridu zahtevaju\u0107i pristupa\u010dnije stanovanje usred rastu\u0107eg nezadovoljstva \u0160panaca zbog visokih cena zakupa. Pod sloganom \u201eStanovanje je pravo, a ne posao\u201c, stanovnici su pro\u0161etali \u0161panskom prestonicom tra\u017ee\u0107i ni\u017ee cene zakupa i bolje uslove \u017eivota. \u201e\u0160panci ne mogu da \u017eive u svojim gradovima. Teraju nas iz gradova. Vlada mora da reguli\u0161e cene, [&hellip;]<\/p>\n","protected":false},"author":4,"featured_media":16793,"comment_status":"","ping_status":"","sticky":false,"template":"","format":"standard","meta":{"wpai_generated_summary":"","footnotes":""},"categories":[431,369],"tags":[38947,2101,803,4091],"class_list":["post-25764","post","type-post","status-publish","format-standard","has-post-thumbnail","hentry","category-svet","category-vesti","tag-cene-zakupa","tag-madrid","tag-protesti","tag-spanija"],"_links":{"self":[{"href":"https:\/\/chicagodesavanja.us\/en\/wp-json\/wp\/v2\/posts\/25764","targetHints":{"allow":["GET"]}}],"collection":[{"href":"https:\/\/chicagodesavanja.us\/en\/wp-json\/wp\/v2\/posts"}],"about":[{"href":"https:\/\/chicagodesavanja.us\/en\/wp-json\/wp\/v2\/types\/post"}],"author":[{"embeddable":true,"href":"https:\/\/chicagodesavanja.us\/en\/wp-json\/wp\/v2\/users\/4"}],"replies":[{"embeddable":true,"href":"https:\/\/chicagodesavanja.us\/en\/wp-json\/wp\/v2\/comments?post=25764"}],"version-history":[{"count":0,"href":"https:\/\/chicagodesavanja.us\/en\/wp-json\/wp\/v2\/posts\/25764\/revisions"}],"wp:featuredmedia":[{"embeddable":true,"href":"https:\/\/chicagodesavanja.us\/en\/wp-json\/wp\/v2\/media\/16793"}],"wp:attachment":[{"href":"https:\/\/chicagodesavanja.us\/en\/wp-json\/wp\/v2\/media?parent=25764"}],"wp:term":[{"taxonomy":"category","embeddable":true,"href":"https:\/\/chicagodesavanja.us\/en\/wp-json\/wp\/v2\/categories?post=25764"},{"taxonomy":"post_tag","embeddable":true,"href":"https:\/\/chicagodesavanja.us\/en\/wp-json\/wp\/v2\/tags?post=25764"}],"curies":[{"name":"WP","href":"https:\/\/api.w.org\/{rel}","templated":true}]}}