{"id":25760,"date":"2024-10-14T05:30:00","date_gmt":"2024-10-14T05:30:00","guid":{"rendered":"https:\/\/chicagodesavanja.us\/ponedeljak-14-oktobar-indigenous-peoples-day\/"},"modified":"2024-10-14T05:30:00","modified_gmt":"2024-10-14T05:30:00","slug":"ponedeljak-14-oktobar-indigenous-peoples-day","status":"publish","type":"post","link":"https:\/\/chicagodesavanja.us\/en\/vesti\/ponedeljak-14-oktobar-indigenous-peoples-day\/","title":{"rendered":"\u0160ta je Indigenous Peoples&#8217; Day? Za\u0161to se neke dr\u017eave zala\u017eu za ukidanje Columbus Day-a?"},"content":{"rendered":"<p class=\"wp-block-paragraph\">Ponedeljak, 14. oktobar postaje sve poznatiji kao Indigenous Peoples&#8217; Day, posve\u0107en se\u0107anju na istoriju i kulturu starosedelaca Amerike.<\/p>\n\n\n\n<p class=\"wp-block-paragraph\">Iako se drugi ponedeljak u oktobru tradicionalno obele\u017eava kao Columbus Day i dalje je federalno priznat kao takav, mnogi se zala\u017eu za napu\u0161tanje tog praznika kako bi se ukazalo na zlo\u010dine koje je Kolumbo po\u010dinio nad ljudima koji su \u017eiveli u Americi mnogo pre njegovog dolaska.<\/p>\n\n\n\n<p class=\"wp-block-paragraph\">Indigenous Peoples&#8217; Day je protekle tri godine bio federalno priznat putem proklamacije. U 2023. godini, predsednik Joe Biden proglasio je ovaj dan da bi se &#8222;odala po\u010dast istrajnosti i hrabrosti domoroda\u010dkih naroda.&#8220;<\/p>\n\n\n\n<p class=\"wp-block-paragraph\">Iako se Indigenous Peoples&#8217; Day ne priznaje svuda u Sjedinjenim Ameri\u010dkim Dr\u017eavama, zagovornici tvrde da je va\u017eno osuditi Kolumbovu nasilnu istoriju i priznati domoroda\u010dke zajednice koje danas postoje.<\/p>\n\n\n\n<p class=\"wp-block-paragraph\"><strong>Da li je Indigenous Peoples&#8217; Day zvani\u010dan praznik?<\/strong><\/p>\n\n\n\n<p class=\"wp-block-paragraph\">Sve zavisi od toga gde \u017eivite, ali Columbus Day je i dalje federalni praznik.<\/p>\n\n\n\n<p class=\"wp-block-paragraph\">Otprilike 29 dr\u017eava i Washington, D.C. ne obele\u017eavaju Columbus Day. Oko 216 gradova je preimenovalo ili zamenilo ovaj praznik sa Indigenous Peoples&#8217; Day. Neke dr\u017eave priznaju Indigenous Peoples&#8217; Day putem proklamacije, dok ga druge tretiraju kao zvani\u010dan praznik.<\/p>\n\n\n\n<p class=\"wp-block-paragraph\">Na federalnom nivou, Indigenous Peoples&#8217; Day dobio je predsedni\u010dke proklamacije od strane Bajdenove administracije poslednje tri godine.<\/p>\n\n\n\n<p class=\"wp-block-paragraph\">&#8222;Domoroda\u010dki narodi su svetionik otpornosti, snage i istrajnosti, kao i izvor neverovatnih doprinosa. Domoroda\u010dki narodi i plemenske nacije nastavljaju da praktikuju svoje kulture, pamte svoja nasle\u0111a i prenose istorije sa generacije na generaciju,&#8220; napisao je Biden u proklamaciji za 2023. godinu.<\/p>\n\n\n\n<p class=\"wp-block-paragraph\"><strong>Za\u0161to neke dr\u017eave odustaju od Columbus Day-a?<\/strong><\/p>\n\n\n\n<p class=\"wp-block-paragraph\">Lekcija o istra\u017eiva\u010du Christopher-u Columbus-u, koji je &#8222;plovio okeanom plavim,&#8220; nije potpuna.<\/p>\n\n\n\n<p class=\"wp-block-paragraph\">Domoroda\u010dke zajednice \u017eivele su u Zapadnoj hemisferi desetinama hiljada godina pre nego \u0161to je Kolumbo stigao, a kontakt sa evropskim kolonijama doveo je do katastrofalnog gubitka \u017eivota, tradicije i zemlje za ameri\u010dke Indijance, prema Smithsonian National Museum of the American Indian.<\/p>\n\n\n\n<p class=\"wp-block-paragraph\">Kriti\u010dari postoje\u0107eg federalnog praznika ukazuju na to da je Kolumbo po\u010dinio nekoliko zlo\u010dina protiv \u010dove\u010dnosti kada je stigao u Zapadnu hemisferu. Evo nekih primera tih zlo\u010dina, prema podacima Philadelphia Magazine-a:<\/p>\n\n\n\n<ul class=\"wp-block-list\">\n<li>Kolumbo je odsekao ruke otprilike 10.000 starosedelaca na Haitiju i Dominikanskoj Republici jer nisu obezbedili zlato svakih tri meseca.<\/li>\n\n\n\n<li>Kolumbo je odsekao noge domoroda\u010dkoj deci koja su poku\u0161avala da pobegnu.<\/li>\n\n\n\n<li>On je pomagao u trgovini devoj\u010dicama uzrasta od devet i deset godina.<\/li>\n<\/ul>\n\n\n\n<p class=\"wp-block-paragraph\">Napu\u0161tanjem Columbus Day-a i obele\u017eavanjem Indigenous Peoples&#8217; Day, pru\u017ea se mogu\u0107nost priznavanja domoroda\u010dkih perspektiva za potpuniji prikaz istorije, navodi muzej.<\/p>\n\n\n\n<p class=\"wp-block-paragraph\">Obele\u017eavanjem Indigenous Peoples&#8217; Day, mo\u017eemo tako\u0111e prepoznati domoroda\u010dke Amerikance koji su jo\u0161 uvek tu i bore se za priznavanje i prava na o\u010duvanje \u017eivotne sredine.<\/p>\n\n\n\n<p class=\"wp-block-paragraph\" style=\"font-size:10px\">SOURCE: <a href=\"https:\/\/www.usatoday.com\/story\/news\/nation\/2024\/10\/13\/indigenous-peoples-day\/75590291007\/?tbref=hp\" target=\"_blank\" rel=\"noopener\">USATODAY<\/a> PHOTO: YOUTUBE SCREENSHOT<\/p>","protected":false},"excerpt":{"rendered":"<p>Ponedeljak, 14. oktobar postaje sve poznatiji kao Indigenous Peoples&#8217; Day, posve\u0107en se\u0107anju na istoriju i kulturu starosedelaca Amerike. Iako se drugi ponedeljak u oktobru tradicionalno obele\u017eava kao Columbus Day i dalje je federalno priznat kao takav, mnogi se zala\u017eu za napu\u0161tanje tog praznika kako bi se ukazalo na zlo\u010dine koje je Kolumbo po\u010dinio nad ljudima [&hellip;]<\/p>\n","protected":false},"author":3,"featured_media":18260,"comment_status":"","ping_status":"","sticky":false,"template":"","format":"standard","meta":{"footnotes":""},"categories":[368,369],"tags":[38934,538,12003,38935,38936,20481,38937,592,38938,38939,38940],"class_list":["post-25760","post","type-post","status-publish","format-standard","has-post-thumbnail","hentry","category-vesti-amerika","category-vesti","tag-americki-indijanci","tag-amerika","tag-christopher-columbus","tag-columbus-day","tag-domorodacke-zajednice","tag-indigenous-peoples-day","tag-istorija-domorodaca","tag-joe-biden","tag-proklamacija","tag-smithsonian-national-museum-of-the-american-indian","tag-starosedeoci-amerike"],"_links":{"self":[{"href":"https:\/\/chicagodesavanja.us\/en\/wp-json\/wp\/v2\/posts\/25760","targetHints":{"allow":["GET"]}}],"collection":[{"href":"https:\/\/chicagodesavanja.us\/en\/wp-json\/wp\/v2\/posts"}],"about":[{"href":"https:\/\/chicagodesavanja.us\/en\/wp-json\/wp\/v2\/types\/post"}],"author":[{"embeddable":true,"href":"https:\/\/chicagodesavanja.us\/en\/wp-json\/wp\/v2\/users\/3"}],"replies":[{"embeddable":true,"href":"https:\/\/chicagodesavanja.us\/en\/wp-json\/wp\/v2\/comments?post=25760"}],"version-history":[{"count":0,"href":"https:\/\/chicagodesavanja.us\/en\/wp-json\/wp\/v2\/posts\/25760\/revisions"}],"wp:featuredmedia":[{"embeddable":true,"href":"https:\/\/chicagodesavanja.us\/en\/wp-json\/wp\/v2\/media\/18260"}],"wp:attachment":[{"href":"https:\/\/chicagodesavanja.us\/en\/wp-json\/wp\/v2\/media?parent=25760"}],"wp:term":[{"taxonomy":"category","embeddable":true,"href":"https:\/\/chicagodesavanja.us\/en\/wp-json\/wp\/v2\/categories?post=25760"},{"taxonomy":"post_tag","embeddable":true,"href":"https:\/\/chicagodesavanja.us\/en\/wp-json\/wp\/v2\/tags?post=25760"}],"curies":[{"name":"WP","href":"https:\/\/api.w.org\/{rel}","templated":true}]}}