{"id":25755,"date":"2024-10-14T05:45:00","date_gmt":"2024-10-14T05:45:00","guid":{"rendered":"https:\/\/chicagodesavanja.us\/kamala-harris-gubi-glasace-mesec-dana-pred-izbore\/"},"modified":"2024-10-14T05:45:00","modified_gmt":"2024-10-14T05:45:00","slug":"kamala-harris-gubi-glasace-mesec-dana-pred-izbore","status":"publish","type":"post","link":"https:\/\/chicagodesavanja.us\/en\/vesti\/kamala-harris-gubi-glasace-mesec-dana-pred-izbore\/","title":{"rendered":"Kamala Harris u problemu: Gubi glasa\u010de samo mesec dana pred izbore"},"content":{"rendered":"<p class=\"wp-block-paragraph\">Podr\u0161ka kandidatkinji demokrata na ameri\u010dkim predsedni\u010dkim izborima\u00a0Kamala-i Harris\u00a0me\u0111u Latinoameri\u010dkim bira\u010dima je na opasno niskom nivou, dok je njen rival, biv\u0161i ameri\u010dki predsednik i kandidat republikanaca Donald Tramp, odr\u017eao procenat onih koji ga podr\u017eavaju, pokazali su rezultati ankete New York Times i koled\u017ea Sijena.<\/p>\n\n\n\n<p class=\"wp-block-paragraph\">Kako je preneo New York Times, istra\u017eivanje u ovom bira\u010dkom telu \u0161irom zemlje je pokazalo da Kamala Harris lo\u0161ije stoji od poslednja tri demokratska kandidata za Belu ku\u0107u, i da je ranjiva u nizu glavnih pitanja, uklju\u010duju\u0107i ekonomiju, imigraciju i kriminal.<\/p>\n\n\n\n<p class=\"wp-block-paragraph\">&#8211; Dve tre\u0107ine ispitanih reklo je da veruje da Trump nije mislio na ljude poput njih kada je govorio o imigrantima &#8211; pokazali su rezultati istra\u017eivanja.<\/p>\n\n\n\n<p class=\"wp-block-paragraph\">Latinoamerikanci su se postavili kao odlu\u010duju\u0107a grupa bira\u010da na\u00a0predsedni\u010dkim izborima\u00a0u Sjedinjenim Ameri\u010dkim Dr\u017eavama.<\/p>\n\n\n\n<p class=\"wp-block-paragraph\">Poslednji demokrata koji je pao ispod 60 odsto podr\u0161ke me\u0111u ovim glasa\u010dima bio je John Kerry, dok je pre vi\u0161e od jedne decenije oko 70 odsto Latinoamerikanaca podr\u017ealo reizbor Baraka Obame. I demokrate i republikanci su se ove godine fokusirali na Latinoameri\u010dke bira\u010de, a anketa Njujork tajmsa sugeri\u0161e da bi se opredeljenje bira\u010da i dalje moglo promeniti.<\/p>\n\n\n\n<p class=\"wp-block-paragraph\">Anketa u kojoj su u\u010destvovale 902 osobe sprovedena je od 29. septembra do 6. oktobra, i pokazala je upe\u010datljive znake podr\u0161ke Trump-ovoj najagresivnijoj imigracionoj politici.<\/p>\n\n\n\n<p class=\"wp-block-paragraph\" style=\"font-size:10px\">SOURCE: <a href=\"https:\/\/24sedam.rs\/svet\/vesti\/338020\/ogromni-problemi-za-kamalu-mesec-dana-pred-izbore\/vest\" target=\"_blank\" rel=\"noopener\">24SEDAM<\/a> PHOTO: YOUTUBE SCREENSHOT<\/p>","protected":false},"excerpt":{"rendered":"<p>Podr\u0161ka kandidatkinji demokrata na ameri\u010dkim predsedni\u010dkim izborima\u00a0Kamala-i Harris\u00a0me\u0111u Latinoameri\u010dkim bira\u010dima je na opasno niskom nivou, dok je njen rival, biv\u0161i ameri\u010dki predsednik i kandidat republikanaca Donald Tramp, odr\u017eao procenat onih koji ga podr\u017eavaju, pokazali su rezultati ankete New York Times i koled\u017ea Sijena. Kako je preneo New York Times, istra\u017eivanje u ovom bira\u010dkom telu \u0161irom [&hellip;]<\/p>\n","protected":false},"author":3,"featured_media":18263,"comment_status":"","ping_status":"","sticky":false,"template":"","format":"standard","meta":{"footnotes":""},"categories":[368,369],"tags":[538,404,3984,11149,8630,37636],"class_list":["post-25755","post","type-post","status-publish","format-standard","has-post-thumbnail","hentry","category-vesti-amerika","category-vesti","tag-amerika","tag-donald-trump","tag-imigranti","tag-izbori-u-americi","tag-kamala-harris","tag-predsednicki-izbori-amerika-2024"],"_links":{"self":[{"href":"https:\/\/chicagodesavanja.us\/en\/wp-json\/wp\/v2\/posts\/25755","targetHints":{"allow":["GET"]}}],"collection":[{"href":"https:\/\/chicagodesavanja.us\/en\/wp-json\/wp\/v2\/posts"}],"about":[{"href":"https:\/\/chicagodesavanja.us\/en\/wp-json\/wp\/v2\/types\/post"}],"author":[{"embeddable":true,"href":"https:\/\/chicagodesavanja.us\/en\/wp-json\/wp\/v2\/users\/3"}],"replies":[{"embeddable":true,"href":"https:\/\/chicagodesavanja.us\/en\/wp-json\/wp\/v2\/comments?post=25755"}],"version-history":[{"count":0,"href":"https:\/\/chicagodesavanja.us\/en\/wp-json\/wp\/v2\/posts\/25755\/revisions"}],"wp:featuredmedia":[{"embeddable":true,"href":"https:\/\/chicagodesavanja.us\/en\/wp-json\/wp\/v2\/media\/18263"}],"wp:attachment":[{"href":"https:\/\/chicagodesavanja.us\/en\/wp-json\/wp\/v2\/media?parent=25755"}],"wp:term":[{"taxonomy":"category","embeddable":true,"href":"https:\/\/chicagodesavanja.us\/en\/wp-json\/wp\/v2\/categories?post=25755"},{"taxonomy":"post_tag","embeddable":true,"href":"https:\/\/chicagodesavanja.us\/en\/wp-json\/wp\/v2\/tags?post=25755"}],"curies":[{"name":"WP","href":"https:\/\/api.w.org\/{rel}","templated":true}]}}