{"id":25514,"date":"2024-11-18T05:30:00","date_gmt":"2024-11-18T05:30:00","guid":{"rendered":"https:\/\/chicagodesavanja.us\/elgin-besplatna-vecera-za-dan-zahvalnosti-zakazana-za-27-novembar\/"},"modified":"2024-11-18T05:30:00","modified_gmt":"2024-11-18T05:30:00","slug":"elgin-besplatna-vecera-za-dan-zahvalnosti-zakazana-za-27-novembar","status":"publish","type":"post","link":"https:\/\/chicagodesavanja.us\/en\/vesti\/elgin-besplatna-vecera-za-dan-zahvalnosti-zakazana-za-27-novembar\/","title":{"rendered":"Elgin: Besplatna ve\u010dera za Dan zahvalnosti zakazana za 27. novembar"},"content":{"rendered":"<p class=\"wp-block-paragraph\">Elgin \u0107e 27. novembra prirediti tradicionalnu, besplatnu ve\u010deru za Dan zahvalnosti u organizaciji \u201eLove Thy Neighbor Community Thanksgiving Dinner\u201c. <\/p>\n\n\n\n<p class=\"wp-block-paragraph\">Ovaj doga\u0111aj, koji \u0107e se odr\u017eati u Fiesta Mexicana Banquet na adresi 50 N. Spring St, otvoren je za sve gra\u0111ane, a obezbe\u0111uje obrok i toplinu zajednice za sve koji \u017eele da prisustvuju.<\/p>\n\n\n\n<p class=\"wp-block-paragraph\">Organizatorka Perla Sanchez, koja je ve\u0107 petu godinu deo ovog humanitarnog projekta, govori o li\u010dnoj motivaciji za organizaciju ve\u010dere. \u201eRazumem kroz \u0161ta prolaze ljudi koji se bore sa svakodnevnim izazovima. Ova ve\u010dera pru\u017ea priliku za povezivanje, \u0161irenje pozitivnosti i \u010dinjenje dobra,\u201c isti\u010de Sanchez.<\/p>\n\n\n\n<p class=\"wp-block-paragraph\">Donacije organizacija poput \u201eFood for Friends\u201c i podr\u0161ka lokalnih restorana, uklju\u010duju\u0107i Ray\u2019s Diner i Karas Restaurant Group, omogu\u0107ile su pripremu tradicionalne ve\u010dere za praznik. Njena organizacija, \u201eChancze\u201c, tako\u0111e je pokrenula kampanju na GoFundMe platformi kako bi obezbedila sredstva za doga\u0111aj.<\/p>\n\n\n\n<p class=\"wp-block-paragraph\">Pro\u0161le godine ve\u010deri je prisustvovalo oko 250 ljudi, uklju\u010duju\u0107i porodicu sa 13 \u010dlanova koji nisu mogli sebi da priu\u0161te prazni\u010dnu ve\u010deru. \u201eVerujemo da svako zaslu\u017euje topao obrok i ose\u0107aj zajedni\u0161tva tokom praznika,\u201c dodaje Sanchez, uz poruku zahvalnosti Elgin zajednici koja uvek podr\u017eava ovakve inicijative.<\/p>\n\n\n\n<p class=\"wp-block-paragraph\">Ova ve\u010dera nije samo obrok, ve\u0107 simbol ljubavi i solidarnosti. \u201eOse\u0107a se posebna energija u prostoriji \u2013 ljubav i iskrena povezanost,\u201c zaklju\u010duje Sanchez.<\/p>\n\n\n\n<p class=\"wp-block-paragraph\" style=\"font-size:10px\">SOURCE: <a href=\"https:\/\/www.chicagotribune.com\/2024\/11\/16\/elgins-free-annual-community-thanksgiving-dinner-to-be-held-nov-27\/\" target=\"_blank\" rel=\"noreferrer noopener\">CHICAGO TRIBUNE<\/a><a href=\"https:\/\/aktuelnosti.us\/\" target=\"_blank\" rel=\"noopener\">,<\/a> <a href=\"https:\/\/chicagodesavanja.us\/en\/\" target=\"_blank\" rel=\"noreferrer noopener\">CHICAGO DESAVANJA,<\/a> PHOTO: PIXABAY<\/p>","protected":false},"excerpt":{"rendered":"<p>Elgin \u0107e 27. novembra prirediti tradicionalnu, besplatnu ve\u010deru za Dan zahvalnosti u organizaciji \u201eLove Thy Neighbor Community Thanksgiving Dinner\u201c. Ovaj doga\u0111aj, koji \u0107e se odr\u017eati u Fiesta Mexicana Banquet na adresi 50 N. Spring St, otvoren je za sve gra\u0111ane, a obezbe\u0111uje obrok i toplinu zajednice za sve koji \u017eele da prisustvuju. Organizatorka Perla Sanchez, [&hellip;]<\/p>\n","protected":false},"author":1,"featured_media":17888,"comment_status":"","ping_status":"","sticky":false,"template":"","format":"standard","meta":{"wpai_generated_summary":"","footnotes":""},"categories":[368,653,369],"tags":[38282,17357,38283,28874,38284,38285,38286,23610,38287],"class_list":["post-25514","post","type-post","status-publish","format-standard","has-post-thumbnail","hentry","category-vesti-amerika","category-cikago","category-vesti","tag-besplatan-obrok","tag-dan-zahvalnosti","tag-donacije-za-veceru","tag-elgin","tag-fiesta-mexicana-banquet","tag-love-thy-neighbor","tag-perla-sanchez","tag-vecera","tag-zajednica-elgin"],"_links":{"self":[{"href":"https:\/\/chicagodesavanja.us\/en\/wp-json\/wp\/v2\/posts\/25514","targetHints":{"allow":["GET"]}}],"collection":[{"href":"https:\/\/chicagodesavanja.us\/en\/wp-json\/wp\/v2\/posts"}],"about":[{"href":"https:\/\/chicagodesavanja.us\/en\/wp-json\/wp\/v2\/types\/post"}],"author":[{"embeddable":true,"href":"https:\/\/chicagodesavanja.us\/en\/wp-json\/wp\/v2\/users\/1"}],"replies":[{"embeddable":true,"href":"https:\/\/chicagodesavanja.us\/en\/wp-json\/wp\/v2\/comments?post=25514"}],"version-history":[{"count":0,"href":"https:\/\/chicagodesavanja.us\/en\/wp-json\/wp\/v2\/posts\/25514\/revisions"}],"wp:featuredmedia":[{"embeddable":true,"href":"https:\/\/chicagodesavanja.us\/en\/wp-json\/wp\/v2\/media\/17888"}],"wp:attachment":[{"href":"https:\/\/chicagodesavanja.us\/en\/wp-json\/wp\/v2\/media?parent=25514"}],"wp:term":[{"taxonomy":"category","embeddable":true,"href":"https:\/\/chicagodesavanja.us\/en\/wp-json\/wp\/v2\/categories?post=25514"},{"taxonomy":"post_tag","embeddable":true,"href":"https:\/\/chicagodesavanja.us\/en\/wp-json\/wp\/v2\/tags?post=25514"}],"curies":[{"name":"WP","href":"https:\/\/api.w.org\/{rel}","templated":true}]}}