{"id":25321,"date":"2024-11-04T05:25:00","date_gmt":"2024-11-04T05:25:00","guid":{"rendered":"https:\/\/chicagodesavanja.us\/americki-izbori-5-novembar-nacionalna-garda-u-pripravnosti\/"},"modified":"2024-11-04T05:25:00","modified_gmt":"2024-11-04T05:25:00","slug":"americki-izbori-5-novembar-nacionalna-garda-u-pripravnosti","status":"publish","type":"post","link":"https:\/\/chicagodesavanja.us\/en\/vesti\/americki-izbori-5-novembar-nacionalna-garda-u-pripravnosti\/","title":{"rendered":"National Guard on standby in Washington, Oregon, and Nevada ahead of elections"},"content":{"rendered":"<p class=\"wp-block-paragraph\">Uo\u010di predsedni\u010dkih izbora koji se odr\u017eavaju 5. novembra, Nacionalna garda je iz predostro\u017enosti zbog eventualnih nemira stavljena u pripravnost u nekoliko ameri\u010dkih dr\u017eava, uklju\u010duju\u0107i Va\u0161ington i Oregon, gde su stotine glasa\u010dkih listi\u0107a o\u0161te\u0107ene ili uni\u0161tene nakon \u0161to su najmanje tri kutije za glasanje nedavno zapaljene, saop\u0161tili su danas izborni zvani\u010dnici.<\/p>\n\n\n\n<p class=\"wp-block-paragraph\">Guverner dr\u017eave Va\u0161ington Jay Inslee nije u saop\u0161tenju otkrio koliko \u0107e vojnika biti aktivirano na dan odr\u017eavanja izbora, ali je rekao da \u0107e biti na raspolaganju za podr\u0161ku policiji od ponedeljka do \u010detvrtka, preneo je CNN.<\/p>\n\n\n\n<p class=\"wp-block-paragraph\">Inslee je rekao da je Ministarstvo za unutra\u0161nju bezbednost SAD upozorilo da su pretnje &#8222;izbornoj infrastrukturi&#8220; i dalje visoke.<\/p>\n\n\n\n<p class=\"wp-block-paragraph\">&#8222;Na osnovu op\u0161tih i specifi\u010dnih informacija i zabrinutosti u vezi sa potencijalnim nasiljem ili drugim nezakonitim aktivnostima u vezi sa op\u0161tim izborima 2024., \u017eelim da istaknem da smo u potpunosti spremni da odgovorimo na sve potencijalne gra\u0111anske nemire&#8220;, rekao je Inslee.<\/p>\n\n\n\n<p class=\"wp-block-paragraph\">\u0160efica policije te dr\u017eave Pamela Smith je ranije navela da \u0107e vi\u0161e od 3.000 policajaca raditi u smenama po 12 sati. Guvernerka Oregona Tina Kotek rekla je u saop\u0161tenju da je i u toj dr\u017eavi Nacionalna garda.<\/p>\n\n\n\n<p class=\"wp-block-paragraph\">&#8222;Kancelarija guvernera pomno prati i koordinira sa lokalnim, dr\u017eavnim i saveznim agencijama kako bi se osiguralo da bira\u010di Oregona mogu bezbedno da glasaju&#8220;, kazala je ona.<\/p>\n\n\n\n<p class=\"wp-block-paragraph\">U saop\u0161tenju za javnost je navedeno i da ujedinjena komanda u najve\u0107em gradu te dr\u017eave Portlandu, koja uklju\u010duje i gradsku policiju, pove\u0107ava broj zaposlenih na dan izbora u utorak &#8222;iz predostro\u017enosti&#8220;.<\/p>\n\n\n\n<p class=\"wp-block-paragraph\">Guverner Nevade Joe Lombardo je tako\u0111e objavio da je 60 vojnika Nacionalne garde u pripravnosti da bi obezbedili &#8222;bezbedan i nesmetan dan izbora&#8220;. Da bi osigurali bezbednost, \u0161efovi policije \u0161irom Sjedinjenih Dr\u017eava prave planove bez presedana za dan izbora i nedelje koje slede.<\/p>\n\n\n\n<p class=\"wp-block-paragraph\">Ovo pitanje je postalo urgentno za organe za sprovo\u0111enje zakona nakon nemira i incedenata od 6. januara 2021. godine na ameri\u010dkom Kapitolu, koje su organizovale pristalice Donalda Trump-a, koji su odlo\u017eili potvr\u0111ivanje rezultata poslednjih predsedni\u010dkih izbora na kojima je pobedio Joseph Biden.<\/p>\n\n\n\n<p class=\"wp-block-paragraph\" style=\"font-size:10px\">SOURCE:<a href=\"https:\/\/www.euronews.rs\/svet\/fokus\/143903\/nacionalna-garda-pred-izbore-u-pripravnosti-u-vasingtonu-oregonu-i-nevadi\/vest\" target=\"_blank\" rel=\"noopener\"> EURONEWS<\/a> I FOTO: YOUTUBEPRINTSCREEN<\/p>","protected":false},"excerpt":{"rendered":"<p>Uo\u010di predsedni\u010dkih izbora koji se odr\u017eavaju 5. novembra, Nacionalna garda je iz predostro\u017enosti zbog eventualnih nemira stavljena u pripravnost u nekoliko ameri\u010dkih dr\u017eava, uklju\u010duju\u0107i Va\u0161ington i Oregon, gde su stotine glasa\u010dkih listi\u0107a o\u0161te\u0107ene ili uni\u0161tene nakon \u0161to su najmanje tri kutije za glasanje nedavno zapaljene, saop\u0161tili su danas izborni zvani\u010dnici. Guverner dr\u017eave Va\u0161ington Jay Inslee [&hellip;]<\/p>\n","protected":false},"author":3,"featured_media":18030,"comment_status":"","ping_status":"","sticky":false,"template":"","format":"standard","meta":{"footnotes":""},"categories":[368,369],"tags":[538,404,37647,8630,3757,7778,19843,37636,549],"class_list":["post-25321","post","type-post","status-publish","format-standard","has-post-thumbnail","hentry","category-vesti-amerika","category-vesti","tag-amerika","tag-donald-trump","tag-glasanje-u-americi","tag-kamala-harris","tag-nacionalna-garda","tag-nevada","tag-oregon","tag-predsednicki-izbori-amerika-2024","tag-vasington-2"],"_links":{"self":[{"href":"https:\/\/chicagodesavanja.us\/en\/wp-json\/wp\/v2\/posts\/25321","targetHints":{"allow":["GET"]}}],"collection":[{"href":"https:\/\/chicagodesavanja.us\/en\/wp-json\/wp\/v2\/posts"}],"about":[{"href":"https:\/\/chicagodesavanja.us\/en\/wp-json\/wp\/v2\/types\/post"}],"author":[{"embeddable":true,"href":"https:\/\/chicagodesavanja.us\/en\/wp-json\/wp\/v2\/users\/3"}],"replies":[{"embeddable":true,"href":"https:\/\/chicagodesavanja.us\/en\/wp-json\/wp\/v2\/comments?post=25321"}],"version-history":[{"count":0,"href":"https:\/\/chicagodesavanja.us\/en\/wp-json\/wp\/v2\/posts\/25321\/revisions"}],"wp:featuredmedia":[{"embeddable":true,"href":"https:\/\/chicagodesavanja.us\/en\/wp-json\/wp\/v2\/media\/18030"}],"wp:attachment":[{"href":"https:\/\/chicagodesavanja.us\/en\/wp-json\/wp\/v2\/media?parent=25321"}],"wp:term":[{"taxonomy":"category","embeddable":true,"href":"https:\/\/chicagodesavanja.us\/en\/wp-json\/wp\/v2\/categories?post=25321"},{"taxonomy":"post_tag","embeddable":true,"href":"https:\/\/chicagodesavanja.us\/en\/wp-json\/wp\/v2\/tags?post=25321"}],"curies":[{"name":"WP","href":"https:\/\/api.w.org\/{rel}","templated":true}]}}