{"id":25235,"date":"2024-12-03T05:05:00","date_gmt":"2024-12-03T05:05:00","guid":{"rendered":"https:\/\/chicagodesavanja.us\/sezona-mira-i-svetlosti-novogodisnja-dekoracija-bele-kuce\/"},"modified":"2024-12-03T05:05:00","modified_gmt":"2024-12-03T05:05:00","slug":"sezona-mira-i-svetlosti-novogodisnja-dekoracija-bele-kuce","status":"publish","type":"post","link":"https:\/\/chicagodesavanja.us\/en\/vesti\/sezona-mira-i-svetlosti-novogodisnja-dekoracija-bele-kuce\/","title":{"rendered":"Prazni\u010dna dekoracija Bele ku\u0107e slavi &#8222;sezonu mira i svetlosti&#8220;"},"content":{"rendered":"<p class=\"wp-block-paragraph\">Predsednik Joe Biden i prva dama Jill Biden proslavljaju poslednju prazni\u010dnu sezonu u Beloj ku\u0107i uz temu \u201eSezona mira i svetlosti\u201d. Prva dama je u ponedeljak predstavila prazni\u010dnu dekoraciju i uputila prazni\u010dnu poruku na doga\u0111aju odr\u017eanom u Beloj ku\u0107i.<\/p>\n\n\n\n<p class=\"wp-block-paragraph\"><strong>Impresivna prazni\u010dna dekoracija<\/strong><\/p>\n\n\n\n<p class=\"wp-block-paragraph\">Vi\u0161e stotina volontera tokom prethodne nedelje ukra\u0161avalo je javne prostore Bele ku\u0107e koriste\u0107i gotovo 10.000 stopa trake, preko 28.000 ukrasa, vi\u0161e od 2.200 golubova i oko 165.000 lampica na vencima, girlandama i drugim dekoracijama.<\/p>\n\n\n\n<p class=\"wp-block-paragraph\">U ku\u0107i je postavljeno \u010dak 83 bo\u017ei\u0107na drveta, uklju\u010duju\u0107i zvani\u010dno drvo u Plavoj sobi \u2013 impozantnu Fraser jelku iz Severne Karoline, koja je pri\u010dvr\u0161\u0107ena za plafon nakon uklanjanja lustera.<\/p>\n\n\n\n<p class=\"wp-block-paragraph\">\u201eKako obele\u017eavamo na\u0161u poslednju prazni\u010dnu sezonu u Beloj ku\u0107i, vo\u0111eni smo vrednostima koje smatramo svetim: verom, porodicom, slu\u017eenjem na\u0161oj zemlji, ljubazno\u0161\u0107u prema kom\u0161ijama i snagom zajednice i povezanosti,\u201c napisali su Bajdenovi u prazni\u010dnom vodi\u010du koji \u0107e biti podeljen svim posetiocima.<\/p>\n\n\n\n<p class=\"wp-block-paragraph\">O\u010dekuje se da \u0107e oko 100.000 ljudi posetiti Belu ku\u0107u tokom decembra.<\/p>\n\n\n\n<p class=\"wp-block-paragraph\"><strong>\u010carolija praznika u Beloj ku\u0107i<\/strong><\/p>\n\n\n\n<p class=\"wp-block-paragraph\">Posetioci ulaze pod rotiraju\u0107im svetlima u obliku zvezda, a hodaju kroz lukove ukra\u0161ene mesinganim zvonima i zvonima saonica, simbolima prazni\u010dne muzike, du\u017e Isto\u010dne kolonade.<\/p>\n\n\n\n<p class=\"wp-block-paragraph\">Na spratu, u Isto\u010dnoj sobi, plafon i prozori su obavijeni reflektivnim pokrovom koji do\u010darava ose\u0107aj mirnog snega. Osnove dva velika bo\u017ei\u0107na drveta ukra\u0161ene su siluetama ljudi koji se dr\u017ee za ruke.<\/p>\n\n\n\n<p class=\"wp-block-paragraph\">U Zelenoj sobi svetlost prolazi kroz ukrase od obojenog stakla i prizme, dok golubovi od papira u Crvenoj sobi nose poruke mira. Golubovi su tako\u0111e postavljeni iznad glavnog hodnika.<\/p>\n\n\n\n<p class=\"wp-block-paragraph\">Plavo sobno drvo sadr\u017ei osvetljenu vrte\u0161ku sa imenima svih ameri\u010dkih saveznih dr\u017eava, teritorija i Distrikta Kolumbija.<\/p>\n\n\n\n<p class=\"wp-block-paragraph\">U Trpezariji dr\u017eave izlo\u017eena je ku\u0107a od medenjaka sa zvezdom koja sija iznad nje, a ove godine uklju\u010duje i scenu klizanja na ledu na ju\u017enom travnjaku. Ukras je napravljen od 25 listova testa za medenjake, 10 listova testa za \u0161e\u0107erne kola\u010di\u0107e, 65 funti pastila\u017ee (\u0161e\u0107erna pasta), 45 funti \u010dokolade, 50 funti kraljevske glazure i 10 funti gumene paste.<\/p>\n\n\n\n<p class=\"wp-block-paragraph\"><strong>Po\u010detak praznika uz Nacionalnu gardu<\/strong><\/p>\n\n\n\n<p class=\"wp-block-paragraph\">U okviru inicijative <em>Joining Forces<\/em> Jill Biden, koja pru\u017ea podr\u0161ku vojnim porodicama, prve dame Bele ku\u0107e pozvale su porodice Nacionalne garde da prve u\u017eivaju u prazni\u010dnoj dekoraciji. Praznici u Beloj ku\u0107i ove godine su posve\u0107eni zajedni\u0161tvu i miru, uz poseban oma\u017e pokojnom Beau Biden-u, sinu predsednika, koji je slu\u017eio u Nacionalnoj gardi Delavera.<\/p>\n\n\n\n<p class=\"wp-block-paragraph\" style=\"font-size:10px\">SOURCE: <a href=\"https:\/\/abc7chicago.com\/post\/president-joe-biden-lady-jill-unveil-theme-white-house-holiday-tours-season-peace-light\/15613493\/\" target=\"_blank\" rel=\"noopener\">ABC7CHICAGO<\/a> PHOTO: YOUTUBE SCREENSHOT<\/p>\n\n\n\n<pre id=\"tw-target-rmn\" class=\"wp-block-preformatted\"><br><br><\/pre>","protected":false},"excerpt":{"rendered":"<p>Predsednik Joe Biden i prva dama Jill Biden proslavljaju poslednju prazni\u010dnu sezonu u Beloj ku\u0107i uz temu \u201eSezona mira i svetlosti\u201d. Prva dama je u ponedeljak predstavila prazni\u010dnu dekoraciju i uputila prazni\u010dnu poruku na doga\u0111aju odr\u017eanom u Beloj ku\u0107i. Impresivna prazni\u010dna dekoracija Vi\u0161e stotina volontera tokom prethodne nedelje ukra\u0161avalo je javne prostore Bele ku\u0107e koriste\u0107i [&hellip;]<\/p>\n","protected":false},"author":3,"featured_media":17746,"comment_status":"","ping_status":"","sticky":false,"template":"","format":"standard","meta":{"footnotes":""},"categories":[368,369],"tags":[538,2880,37406,19040,37407,592,37408,37409,3757,14884,37410,37411,37412,37413],"class_list":["post-25235","post","type-post","status-publish","format-standard","has-post-thumbnail","hentry","category-vesti-amerika","category-vesti","tag-amerika","tag-bela-kuca","tag-bozicna-drvca","tag-dekoracija","tag-jill-biden","tag-joe-biden","tag-joining-forces","tag-medenjaci","tag-nacionalna-garda","tag-praznici","tag-praznici-u-beloj-kuci","tag-praznicna-dekoracija","tag-praznicna-poruka","tag-sezona-mira-i-svetlosti"],"_links":{"self":[{"href":"https:\/\/chicagodesavanja.us\/en\/wp-json\/wp\/v2\/posts\/25235","targetHints":{"allow":["GET"]}}],"collection":[{"href":"https:\/\/chicagodesavanja.us\/en\/wp-json\/wp\/v2\/posts"}],"about":[{"href":"https:\/\/chicagodesavanja.us\/en\/wp-json\/wp\/v2\/types\/post"}],"author":[{"embeddable":true,"href":"https:\/\/chicagodesavanja.us\/en\/wp-json\/wp\/v2\/users\/3"}],"replies":[{"embeddable":true,"href":"https:\/\/chicagodesavanja.us\/en\/wp-json\/wp\/v2\/comments?post=25235"}],"version-history":[{"count":0,"href":"https:\/\/chicagodesavanja.us\/en\/wp-json\/wp\/v2\/posts\/25235\/revisions"}],"wp:featuredmedia":[{"embeddable":true,"href":"https:\/\/chicagodesavanja.us\/en\/wp-json\/wp\/v2\/media\/17746"}],"wp:attachment":[{"href":"https:\/\/chicagodesavanja.us\/en\/wp-json\/wp\/v2\/media?parent=25235"}],"wp:term":[{"taxonomy":"category","embeddable":true,"href":"https:\/\/chicagodesavanja.us\/en\/wp-json\/wp\/v2\/categories?post=25235"},{"taxonomy":"post_tag","embeddable":true,"href":"https:\/\/chicagodesavanja.us\/en\/wp-json\/wp\/v2\/tags?post=25235"}],"curies":[{"name":"WP","href":"https:\/\/api.w.org\/{rel}","templated":true}]}}