{"id":25097,"date":"2024-12-17T05:15:00","date_gmt":"2024-12-17T05:15:00","guid":{"rendered":"https:\/\/chicagodesavanja.us\/ukrajina-ce-imati-manju-podrsku-amerike-kada-trump-dodje-na-vlast\/"},"modified":"2024-12-17T05:15:00","modified_gmt":"2024-12-17T05:15:00","slug":"ukrajina-ce-imati-manju-podrsku-amerike-kada-trump-dodje-na-vlast","status":"publish","type":"post","link":"https:\/\/chicagodesavanja.us\/en\/vesti\/ukrajina-ce-imati-manju-podrsku-amerike-kada-trump-dodje-na-vlast\/","title":{"rendered":"Trump: Poku\u0161avamo da zaustavimo rat u Ukrajini, napravi\u0107emo mali napredak, ali bi\u0107e te\u0161ko"},"content":{"rendered":"<p class=\"wp-block-paragraph\">Novoizabrani ameri\u010dki predsednik Donald Trump izjavio je da je broj \u017ertava rata u Ukrajini na obe zara\u0107ene strane mnogo ve\u0107i nego \u0161to se javno tvrdi.<\/p>\n\n\n\n<p class=\"wp-block-paragraph\">&#8222;Poku\u0161avamo da zaustavimo rat, taj stra\u0161ni, stra\u0161ni rat u Ukrajini. Napravi\u0107emo mali napredak, ali bi\u0107e te\u0161ko. To je zlo, to je ru\u017eno&#8220;, poru\u010dio je Trump iz svoje rezidencije Mar-a-Lago.<\/p>\n\n\n\n<p class=\"wp-block-paragraph\">On je detaljno opisao na koji na\u010din ravan teren u Ukrajini doprinosi visokom broju \u017ertava na boji\u0161tu, prenosi CNN &#8222;Ljudi se ubijaju na nivou koji nikada niko nije video. To su veoma ravna podru\u010dja i jedino \u0161to mo\u017ee zaustaviti metak je telo, ljudsko telo. Broj vojnika koji gine s obe strane je astronomski&#8220;, rekao je Trump.<\/p>\n\n\n\n<p class=\"wp-block-paragraph\">On je ranije obe\u0107ao da \u0107e prvog dana svog novog mandata okon\u010dati rat u Ukrajini, ali jo\u0161 nije predstavio konkretan mirovni plan.<\/p>\n\n\n\n<p class=\"wp-block-paragraph\">Novoizabrani ameri\u010dki predsednik je upozorio da \u0107e Ukrajina verovatno imati manju podr\u0161ku SAD kada on bude preuzeo vlast.<\/p>\n\n\n\n<p class=\"wp-block-paragraph\" style=\"font-size:10px\">SOURCE: <a href=\"https:\/\/rtv.rs\/sr_lat\/svet\/tramp-pokusavamo-da-zaustavimo-rat-u-ukrajini-napravicemo-mali-napredak-ali-bice-tesko_1593010.html\" target=\"_blank\" rel=\"noopener\">RTV.RS<\/a> PHOTO: YOUTUBE SCREENSHOT<\/p>\n\n\n\n<p class=\"wp-block-paragraph\"><\/p>","protected":false},"excerpt":{"rendered":"<p>Novoizabrani ameri\u010dki predsednik Donald Trump izjavio je da je broj \u017ertava rata u Ukrajini na obe zara\u0107ene strane mnogo ve\u0107i nego \u0161to se javno tvrdi. &#8222;Poku\u0161avamo da zaustavimo rat, taj stra\u0161ni, stra\u0161ni rat u Ukrajini. Napravi\u0107emo mali napredak, ali bi\u0107e te\u0161ko. To je zlo, to je ru\u017eno&#8220;, poru\u010dio je Trump iz svoje rezidencije Mar-a-Lago. On [&hellip;]<\/p>\n","protected":false},"author":3,"featured_media":17670,"comment_status":"","ping_status":"","sticky":false,"template":"","format":"standard","meta":{"wpai_generated_summary":"","footnotes":""},"categories":[368,369],"tags":[538,404,35535,1485,1037],"class_list":["post-25097","post","type-post","status-publish","format-standard","has-post-thumbnail","hentry","category-vesti-amerika","category-vesti","tag-amerika","tag-donald-trump","tag-novoizabrani-americki-predsednik","tag-rat-u-ukrajini","tag-ukrajina"],"_links":{"self":[{"href":"https:\/\/chicagodesavanja.us\/en\/wp-json\/wp\/v2\/posts\/25097","targetHints":{"allow":["GET"]}}],"collection":[{"href":"https:\/\/chicagodesavanja.us\/en\/wp-json\/wp\/v2\/posts"}],"about":[{"href":"https:\/\/chicagodesavanja.us\/en\/wp-json\/wp\/v2\/types\/post"}],"author":[{"embeddable":true,"href":"https:\/\/chicagodesavanja.us\/en\/wp-json\/wp\/v2\/users\/3"}],"replies":[{"embeddable":true,"href":"https:\/\/chicagodesavanja.us\/en\/wp-json\/wp\/v2\/comments?post=25097"}],"version-history":[{"count":0,"href":"https:\/\/chicagodesavanja.us\/en\/wp-json\/wp\/v2\/posts\/25097\/revisions"}],"wp:featuredmedia":[{"embeddable":true,"href":"https:\/\/chicagodesavanja.us\/en\/wp-json\/wp\/v2\/media\/17670"}],"wp:attachment":[{"href":"https:\/\/chicagodesavanja.us\/en\/wp-json\/wp\/v2\/media?parent=25097"}],"wp:term":[{"taxonomy":"category","embeddable":true,"href":"https:\/\/chicagodesavanja.us\/en\/wp-json\/wp\/v2\/categories?post=25097"},{"taxonomy":"post_tag","embeddable":true,"href":"https:\/\/chicagodesavanja.us\/en\/wp-json\/wp\/v2\/tags?post=25097"}],"curies":[{"name":"WP","href":"https:\/\/api.w.org\/{rel}","templated":true}]}}