{"id":24766,"date":"2025-01-20T04:32:00","date_gmt":"2025-01-20T04:32:00","guid":{"rendered":"https:\/\/chicagodesavanja.us\/dan-martina-lutera-kinga-sta-ce-raditi-a-sta-ne\/"},"modified":"2025-01-20T04:32:00","modified_gmt":"2025-01-20T04:32:00","slug":"dan-martina-lutera-kinga-sta-ce-raditi-a-sta-ne","status":"publish","type":"post","link":"https:\/\/chicagodesavanja.us\/en\/vesti\/dan-martina-lutera-kinga-sta-ce-raditi-a-sta-ne\/","title":{"rendered":"\u0160ta \u0107e biti otvoreno, a \u0161ta zatvoreno na Dan Martina Lutera Kinga i Dan inauguracije 2025?"},"content":{"rendered":"<p class=\"wp-block-paragraph\"><strong>Dan Martina Lutera Kinga<\/strong>, koji se obele\u017eava 20. januara, poklapa se sa Danom inauguracije novoizabranog predsednika Donalda Trump-a.<\/p>\n\n\n\n<p class=\"wp-block-paragraph\"> Ve\u0107ina zatvorenih institucija i usluga tog dana bi\u0107e zbog federalnog praznika posve\u0107enog civilnom lideru.<\/p>\n\n\n\n<p class=\"wp-block-paragraph\"><strong>Kratak istorijat praznika<\/strong><\/p>\n\n\n\n<p class=\"wp-block-paragraph\">Iako je ro\u0111endan Martina Lutera Kinga 15. januara, praznik se uvek obele\u017eava tre\u0107eg ponedeljka u januaru. Usvajanje ovog praznika kao federalnog bilo je rezultat vi\u0161egodi\u0161njeg zagovaranja, po\u010dev\u0161i od 1968. godine, samo \u010detiri dana nakon Kingovog atentata. Zvani\u010dno je postao praznik 1983. godine, a prva nacionalna proslava odr\u017eana je 1986.<\/p>\n\n\n\n<p class=\"wp-block-paragraph\"><strong>\u0160ta je otvoreno?<\/strong><\/p>\n\n\n\n<ul class=\"wp-block-list\">\n<li><strong>Maloprodaja i prehrambeni lanci<\/strong>: Ve\u0107ina velikih trgovinskih lanaca, uklju\u010duju\u0107i Target, Walmart i Kroger, radi\u0107e normalno. Costco i Sam\u2019s Club tako\u0111e \u0107e biti otvoreni, kao i ve\u0107ina velikih restorana, ali je preporu\u010dljivo proveriti radno vreme lokalnih objekata.<\/li>\n\n\n\n<li><strong>Nacionalni parkovi<\/strong>: Dan Martina Lutera Kinga jedan je od sedam dana besplatnog ulaza u nacionalne parkove u 2025.<\/li>\n<\/ul>\n\n\n\n<p class=\"wp-block-paragraph\"><strong>\u0160ta je zatvoreno?<\/strong><\/p>\n\n\n\n<ul class=\"wp-block-list\">\n<li><strong>Po\u0161tanske usluge<\/strong>: USPS ne\u0107e dostavljati po\u0161tu, dok \u0107e FedEx i UPS imati ograni\u010dene usluge.<\/li>\n\n\n\n<li><strong>Finansijske institucije<\/strong>: Banke poput Wells Fargo, Citibank i TD Bank bi\u0107e zatvorene, ali \u0107e bankomati i online usluge biti dostupni.<\/li>\n\n\n\n<li><strong>Vladine slu\u017ebe<\/strong>: Ve\u0107ina neesencijalnih slu\u017ebi, poput biblioteka, DMV-a i op\u0161tinskih kancelarija, ne\u0107e raditi.<\/li>\n<\/ul>\n\n\n\n<p class=\"wp-block-paragraph\" style=\"font-size:10px\">SOURCE: <a href=\"https:\/\/www.cnn.com\/2025\/01\/19\/business\/open-closed-mlk-inauguration-day\/index.html\" target=\"_blank\" rel=\"noopener\">CNN<\/a> PHOTO: PIXABAY<\/p>","protected":false},"excerpt":{"rendered":"<p>Dan Martina Lutera Kinga, koji se obele\u017eava 20. januara, poklapa se sa Danom inauguracije novoizabranog predsednika Donalda Trump-a. Ve\u0107ina zatvorenih institucija i usluga tog dana bi\u0107e zbog federalnog praznika posve\u0107enog civilnom lideru. Kratak istorijat praznika Iako je ro\u0111endan Martina Lutera Kinga 15. januara, praznik se uvek obele\u017eava tre\u0107eg ponedeljka u januaru. Usvajanje ovog praznika kao [&hellip;]<\/p>\n","protected":false},"author":3,"featured_media":0,"comment_status":"","ping_status":"","sticky":false,"template":"","format":"standard","meta":{"footnotes":""},"categories":[368,369],"tags":[538,35538,13504,2240,35539,35540,35541,507,5094],"class_list":["post-24766","post","type-post","status-publish","format-standard","hentry","category-vesti-amerika","category-vesti","tag-amerika","tag-dan-inauguracije","tag-dan-martina-lutera-kinga","tag-fedex","tag-finansijske-usluge","tag-nacionalni-parkovi","tag-praznici-2025","tag-trgovinski-lanci","tag-usps"],"_links":{"self":[{"href":"https:\/\/chicagodesavanja.us\/en\/wp-json\/wp\/v2\/posts\/24766","targetHints":{"allow":["GET"]}}],"collection":[{"href":"https:\/\/chicagodesavanja.us\/en\/wp-json\/wp\/v2\/posts"}],"about":[{"href":"https:\/\/chicagodesavanja.us\/en\/wp-json\/wp\/v2\/types\/post"}],"author":[{"embeddable":true,"href":"https:\/\/chicagodesavanja.us\/en\/wp-json\/wp\/v2\/users\/3"}],"replies":[{"embeddable":true,"href":"https:\/\/chicagodesavanja.us\/en\/wp-json\/wp\/v2\/comments?post=24766"}],"version-history":[{"count":0,"href":"https:\/\/chicagodesavanja.us\/en\/wp-json\/wp\/v2\/posts\/24766\/revisions"}],"wp:attachment":[{"href":"https:\/\/chicagodesavanja.us\/en\/wp-json\/wp\/v2\/media?parent=24766"}],"wp:term":[{"taxonomy":"category","embeddable":true,"href":"https:\/\/chicagodesavanja.us\/en\/wp-json\/wp\/v2\/categories?post=24766"},{"taxonomy":"post_tag","embeddable":true,"href":"https:\/\/chicagodesavanja.us\/en\/wp-json\/wp\/v2\/tags?post=24766"}],"curies":[{"name":"WP","href":"https:\/\/api.w.org\/{rel}","templated":true}]}}