{"id":24757,"date":"2025-01-21T04:05:00","date_gmt":"2025-01-21T04:05:00","guid":{"rendered":"https:\/\/chicagodesavanja.us\/protesti-u-cikagu-protiv-drugog-mandata-trump-a\/"},"modified":"2025-01-21T04:05:00","modified_gmt":"2025-01-21T04:05:00","slug":"protesti-u-cikagu-protiv-drugog-mandata-trump-a","status":"publish","type":"post","link":"https:\/\/chicagodesavanja.us\/en\/vesti\/protesti-u-cikagu-protiv-drugog-mandata-trump-a\/","title":{"rendered":"Protesti u \u010cikagu protiv drugog mandata Trump-a"},"content":{"rendered":"<p class=\"wp-block-paragraph\">Dve velike demonstracije protiv povratka Donalda Trump-a na mesto predsednika odr\u017eane su u ponedeljak 20. januara, privla\u010de\u0107i gra\u0111ane uprkos niskim temperaturama. Okupljanja su organizovana na Federal Plaza i ispred Trump Tower-a, gde su demonstranti jasno izrazili svoje neslaganje s njegovom politikom.<\/p>\n\n\n\n<p class=\"wp-block-paragraph\">Muhammad Sankari iz Arab American Action Network-a izjavio je: \u201eOvo nije na\u0161a prva borba. Svi se se\u0107amo kako je izgledala prva administracija Trump-a.\u201c<\/p>\n\n\n\n<p class=\"wp-block-paragraph\">Oko 80 organizacija, uklju\u010duju\u0107i one koje su demonstrirale tokom pro\u0161logodi\u0161njih nacionalnih konvencija republikanaca i demokrata, upozorilo je na mogu\u0107e posledice novih politika.<\/p>\n\n\n\n<p class=\"wp-block-paragraph\">\u201eAko sudimo po njegovoj retorici, Trump planira da udvostru\u010di pritisak i izazove jo\u0161 vi\u0161e patnje. Ali nismo upla\u0161eni \u2013 to samo zna\u010di da \u0107emo se jo\u0161 ja\u010de boriti,\u201c rekla je Faayani Aboma Mijana iz Chicago Alliance Against Racist and Political Oppression-a.<\/p>\n\n\n\n<p class=\"wp-block-paragraph\">Demonstracija ispred Trump Tower-a uklju\u010dila je spaljivanje ameri\u010dke zastave od strane grupe Revcom Corps Against Trump. Noche Diaz iz iste organizacije izjavio je da Trump okuplja ljude koji veruju da \u201ekrv Amerike truju nebelci\u201c i da te\u017ei uvo\u0111enju hri\u0161\u0107anske teokratije.<\/p>\n\n\n\n<p class=\"wp-block-paragraph\">Uprkos hladno\u0107i, protestni mar\u0161 sa Federal Plaza do Trump Plaza protekao je mirno. Enrique Sanchez, jedan od Trump-ovih pristalica, iza\u0161ao je iz hotela kako bi izrazio podr\u0161ku administraciji: \u201eNe\u0107u odustati,\u201c rekao je za WGN News.<\/p>\n\n\n\n<p class=\"wp-block-paragraph\">Faayani Aboma Mijana zaklju\u010dila je: \u201eUjedini\u0107emo se i suprotstavi\u0107emo se Trump-u i rasisti\u010dkoj politici republikanaca.\u201c Demonstranti su se razi\u0161li do 14 \u010dasova, ali su obe\u0107ali da \u0107e nastaviti borbu.<\/p>\n\n\n\n<p class=\"wp-block-paragraph\" style=\"font-size:10px\">SOURCE: <a href=\"https:\/\/wgntv.com\/news\/chicago-news\/chicago-demonstrations-protest-second-trump-presidency\/\" target=\"_blank\" rel=\"noreferrer noopener\">WGNTV<\/a>, PHOTO: PRINTSCREEN<\/p>","protected":false},"excerpt":{"rendered":"<p>Dve velike demonstracije protiv povratka Donalda Trump-a na mesto predsednika odr\u017eane su u ponedeljak 20. januara, privla\u010de\u0107i gra\u0111ane uprkos niskim temperaturama. Okupljanja su organizovana na Federal Plaza i ispred Trump Tower-a, gde su demonstranti jasno izrazili svoje neslaganje s njegovom politikom. Muhammad Sankari iz Arab American Action Network-a izjavio je: \u201eOvo nije na\u0161a prva borba. [&hellip;]<\/p>\n","protected":false},"author":1,"featured_media":0,"comment_status":"","ping_status":"","sticky":false,"template":"","format":"standard","meta":{"footnotes":""},"categories":[368,653,369],"tags":[370,404,35513,35514,28794,35515,35516,803,29574,35517],"class_list":["post-24757","post","type-post","status-publish","format-standard","hentry","category-vesti-amerika","category-cikago","category-vesti","tag-cikago","tag-donald-trump","tag-enrique-sanchez","tag-faayani-aboma-mijana","tag-federal-plaza","tag-muhammad-sankari","tag-noche-diaz","tag-protesti","tag-trump-tower","tag-trump-ov-drugi-mandat"],"_links":{"self":[{"href":"https:\/\/chicagodesavanja.us\/en\/wp-json\/wp\/v2\/posts\/24757","targetHints":{"allow":["GET"]}}],"collection":[{"href":"https:\/\/chicagodesavanja.us\/en\/wp-json\/wp\/v2\/posts"}],"about":[{"href":"https:\/\/chicagodesavanja.us\/en\/wp-json\/wp\/v2\/types\/post"}],"author":[{"embeddable":true,"href":"https:\/\/chicagodesavanja.us\/en\/wp-json\/wp\/v2\/users\/1"}],"replies":[{"embeddable":true,"href":"https:\/\/chicagodesavanja.us\/en\/wp-json\/wp\/v2\/comments?post=24757"}],"version-history":[{"count":0,"href":"https:\/\/chicagodesavanja.us\/en\/wp-json\/wp\/v2\/posts\/24757\/revisions"}],"wp:attachment":[{"href":"https:\/\/chicagodesavanja.us\/en\/wp-json\/wp\/v2\/media?parent=24757"}],"wp:term":[{"taxonomy":"category","embeddable":true,"href":"https:\/\/chicagodesavanja.us\/en\/wp-json\/wp\/v2\/categories?post=24757"},{"taxonomy":"post_tag","embeddable":true,"href":"https:\/\/chicagodesavanja.us\/en\/wp-json\/wp\/v2\/tags?post=24757"}],"curies":[{"name":"WP","href":"https:\/\/api.w.org\/{rel}","templated":true}]}}