{"id":24756,"date":"2025-01-21T04:20:00","date_gmt":"2025-01-21T04:20:00","guid":{"rendered":"https:\/\/chicagodesavanja.us\/trump-postao-47-americki-predsednik\/"},"modified":"2025-01-21T04:20:00","modified_gmt":"2025-01-21T04:20:00","slug":"trump-postao-47-americki-predsednik","status":"publish","type":"post","link":"https:\/\/chicagodesavanja.us\/en\/vesti\/trump-postao-47-americki-predsednik\/","title":{"rendered":"Donald Trump polo\u017eio zakletvu kao 47. predsednik SAD: Zlatno doba Amerike po\u010dinje sada (VIDEO)"},"content":{"rendered":"<p class=\"wp-block-paragraph\">Predsednik SAD Donald Trump rekao je da &#8220;zlatno doba Amerike po\u010dinje ovog trenutka&#8220;, tokom svog govora za vreme ceremonije inauguracije.<\/p>\n\n\n\n<p class=\"wp-block-paragraph\">Trump je svoj prvi govor kao 47. predsednik SAD zapo\u010deo izjavom da &#8222;zlatno doba Amerike po\u010dinje upravo sada&#8220;.<\/p>\n\n\n\n<figure class=\"wp-block-embed is-type-rich is-provider-twitter wp-block-embed-twitter\"><div class=\"wp-block-embed__wrapper\">\n<blockquote class=\"twitter-tweet\" data-width=\"500\" data-dnt=\"true\"><p lang=\"en\" dir=\"ltr\">Trump&#39;s Inauguration Speech <br><br>The necessity for President Trump to issue these executive actions underscores the extent of the damage incurred over the last four years and highlights how far the country has declined leading up to this point.<br><br>Some examples:<br>1. \u201cI will end the\u2026 <a href=\"https:\/\/t.co\/YSCExKxuzG\">pic.twitter.com\/YSCExKxuzG<\/a><\/p>&mdash; Madmartigan (@Pop_Collapse) <a href=\"https:\/\/x.com\/Pop_Collapse\/status\/1881400863580676561?ref_src=twsrc%5Etfw\">January 20, 2025<\/a><\/blockquote><script async src=\"https:\/\/platform.x.com\/widgets.js\" charset=\"utf-8\"><\/script>\n<\/div><\/figure>\n\n\n\n<p class=\"wp-block-paragraph\"><\/p>\n\n\n\n<p class=\"wp-block-paragraph\">&#8220;Amerika \u0107e biti na prvom mestu. na\u0161 prioritet je da napravimo naciju koja je bezbedna, prosperitena i slobodna. Amerika \u0107e uskoro biti ve\u0107a nego ikad pre&#8220;, rekao je Trump.<\/p>\n\n\n\n<p class=\"wp-block-paragraph\">On je naglasio da \u0107e pod njegovim nadzorom nacija ponovo &#8222;da prosperira i da bude po\u0161tovana&#8220; \u0161irom sveta, i obe\u0107ao da \u0107e mu, tokom svakog dana mandata, Amerika biti prioritet.<\/p>\n\n\n\n<p class=\"wp-block-paragraph\">Predsednik je o\u0161tro kritikovao obrazovni i zdravstveni sistem SAD, rekav\u0161i da su izbori za njegov drugi mandat &#8222;prilika za potpuno i kona\u010dno okretanje od stra\u0161ne izdaje&#8220; i da \u0107e obnoviti veru, bogatstvo, demokratiju i slobodu ameri\u010dkog naroda.<\/p>\n\n\n\n<p class=\"wp-block-paragraph\">Tramp se osvrnuo i na poku\u0161aj atentata na njega tokom predizbornog mitinga u Pensilvaniji, 13. jula, i izjavio da ga je &#8222;Bog spasio da bi ponovo u\u010dinio Ameriku velikom&#8220;.<\/p>\n\n\n\n<p class=\"wp-block-paragraph\">Tako\u0111e je najavio niz izvr\u0161nih naredbi, uklju\u010duju\u0107i progla\u0161enje nacionalne vanredne situacije na ju\u017enoj granici SAD, vra\u0107anje politike &#8222;Ostani u Meksiku&#8220; i slanje vojnika na granicu kako bi &#8222;odbranili&#8220; zemlju od, kako je rekao, &#8222;invazije&#8220;.<\/p>\n\n\n\n<p class=\"wp-block-paragraph\">Obe\u0107ao je da \u0107e se baviti i inflacijom, smanjiti tro\u0161kove i proglasiti &#8222;nacionalnu energetsku vanrednu situaciju&#8220;.<\/p>\n\n\n\n<p class=\"wp-block-paragraph\">Tramp je istakao i da \u0107e promeniti naziv Meksi\u010dkog zaliva u &#8222;Zaliv Amerike&#8220; i da \u0107e najvi\u0161em planinskom vrhu u Severnoj Americi, Denali, vratiti naziv &#8222;Planina Mekinli&#8220;.<\/p>\n\n\n\n<p class=\"wp-block-paragraph\">Tako\u0111e je ponovio svoje planove da vrati kontrolu nad Panamskim kanalom, rekav\u0161i: &#8222;Vra\u0107amo ga&#8220;.<\/p>\n\n\n\n<p class=\"wp-block-paragraph\">Tramp je najavio da \u0107e njegova administracija raditi na slanju ameri\u010dkih astronauta na Mars.<\/p>\n\n\n\n<p class=\"wp-block-paragraph\">&#8222;Posla\u0107emo ameri\u010dke astronaute da postave ameri\u010dku zastavu na Marsu&#8220;, naglasio je Trump.<\/p>\n\n\n\n<p class=\"wp-block-paragraph\">Nakon ceremonije inauguracije ispaljeni su po\u010dasni plotuni, biv\u0161i predsednik Joseph Biden i potpredsednica Kamala Harris napustili su Kapitol kao gra\u0111ani.<\/p>\n\n\n\n<p class=\"wp-block-paragraph\"><strong>Posla\u0107emo ameri\u010dke astronaute na Mars<\/strong><\/p>\n\n\n\n<p class=\"wp-block-paragraph\">Donald Trump je izjavio da \u0107e tokom njegovog mandata SAD poslati svoje astronaute na planetu Mars.<\/p>\n\n\n\n<p class=\"wp-block-paragraph\">On je istakao da \u0107e odmah proglasiti vanredno stanje vezano za energente.<\/p>\n\n\n\n<p class=\"wp-block-paragraph\">&#8222;Ponovo \u0107emo biti bogata nacija, a te\u010dno zlato pod na\u0161im nogama pomo\u0107i \u0107e nam u tome&#8220;, rekao je Trump tokom govora za vreme ceremonije inauguracije u Kapitolu.<\/p>\n\n\n\n<p class=\"wp-block-paragraph\">On je poru\u010dio da \u0107e, umesto da oporezuju ameri\u010dke gra\u0111ane, SAD po\u010deti da &#8222;oporezuju strane zemlje kako bi se obogatile ameri\u010dke porodice&#8220;.<\/p>\n\n\n\n<p class=\"wp-block-paragraph\">Trump je najavio osnivanje spoljne slu\u017ebe prihoda koja \u0107e biti zadu\u017eena za prikupljanje prihoda iz inostranstva.<\/p>\n\n\n\n<p class=\"wp-block-paragraph\">Poru\u010dio je da se ameri\u010dka dr\u017eava vi\u0161e ne\u0107e boriti protiv politi\u010dkih protivnika.<\/p>\n\n\n\n<p class=\"wp-block-paragraph\">&#8222;Znam o tome pone\u0161to. To se nikad vi\u0161e ne\u0107e de\u0161avati. Dove\u0161\u0107emo pravo i poredak u na\u0161e gradove. Ove sedmice zaustavi\u0107u mere kojima se pitanje pola i rase upli\u0107e u sve pore dru\u0161tva. Bori\u0107emo se za dru\u0161tvo koje ne vidi boju ko\u017ee, i koje \u0107e biti zasnovano na zaslugama. Ima\u0107emo dva pola &#8211; mu\u0161ki i \u017eenski&#8220;, rekao je Trump.<\/p>\n\n\n\n<p class=\"wp-block-paragraph\">On je istakao da \u0107e snagu ameri\u010dke vojske meriti ne samo po pobedama koje ostvari, ve\u0107 i po tome koliko ratova bude okon\u010dala i broju ratova u kojima ne bude u\u010destvovala.<\/p>\n\n\n\n<p class=\"wp-block-paragraph\">&#8220;Na\u0161e oru\u017eane snage \u0107e biti usredsre\u0111ene na njihovu jedinu misiju, da poraze ameri\u010dke neprijatelje&#8220;, rekao je Trump.<\/p>\n\n\n\n<p class=\"wp-block-paragraph\">On je istakao da \u017eeli da bude upam\u0107en kao &#8220;mirotvorac i ujedinitelj&#8220;.<\/p>\n\n\n\n<p class=\"wp-block-paragraph\">Tramp je ponovo istakao svoju \u017eelju da uspostavi ameri\u010dku kontrolu nad Panamskim kanalom.<\/p>\n\n\n\n<p class=\"wp-block-paragraph\">&#8222;Kina upravlja Panamskim kanalom. Nismo ga dali Kini, dali smo ga Panami i vrati\u0107emo ga&#8220;, rekao je Tramp i dodao da \u0107e da preimenuje Meksi\u010dki zaliv u &#8222;Zaliv Amerike&#8220;, \u0161to je ve\u0107 ranije pominjao.<\/p>\n\n\n\n<p class=\"wp-block-paragraph\">Tako\u0111e, Trump je najavio da \u0107e promeniti naziv planine Denali na Aljasci i vratiti joj ime &#8222;Planina Mekinli&#8220;, naziv koji je planina nosila pre nego \u0161to ga je nekada\u0161nji predsednik Barack Obama promenio.<\/p>\n\n\n\n<p class=\"wp-block-paragraph\">Dodao je i da \u0107e nacionalno jedinstvo biti vra\u0107eno u Ameriku.<\/p>\n\n\n\n<p class=\"wp-block-paragraph\">&#8222;Nacionalno jedinstvo se sada vra\u0107a u Ameriku i samopouzdanje i ponos rastu kao nikada ranije. U svemu \u0161to radimo, moja administracija \u0107e biti inspirisana sna\u017enom te\u017enjom za izvrsno\u0161cu i neprekidnim uspehom. Ne\u0107emo zaboraviti na\u0161u zemlju, ne\u0107emo zaboraviti na\u0161 Ustav i ne\u0107emo zaboraviti na\u0161eg Boga&#8220;, rekao je Tramp.<\/p>\n\n\n\n<p class=\"wp-block-paragraph\"><strong>Tramp polo\u017eio zakletvu kao 47. predsednik SAD<\/strong><\/p>\n\n\n\n<p class=\"wp-block-paragraph\">&#8222;Sve\u010dano se zaklinjem da \u0107u verno obavljati du\u017enost predsednika Sjedinjenih Ameri\u010dkih Dr\u017eava i da \u0107u, najbolje \u0161to mogu, da \u010duvam, \u0161titim i branim Ustav Sjedinjenih Ameri\u010dkih Dr\u017eava&#8220;, rekao je Trump tokom polaganja zakletve.<\/p>\n\n\n\n<p class=\"wp-block-paragraph\">Predsedni\u010dka zakletva definisana je u \u010clanu II, ameri\u010dkog Ustava, pi\u0161e CNN.<\/p>\n\n\n\n<p class=\"wp-block-paragraph\">Zakletve za druge savezne zvani\u010dnike, uklju\u010duju\u0107i potpredsednika, nisu deo Ustava, ve\u0107 ih je Kongres ustanovio zakonima.<\/p>\n\n\n\n<p class=\"wp-block-paragraph\">Re\u010di poput &#8222;tako mi pomogao Bog&#8220; ne pojavljuju se u ustavnoj zakletvi. Tu frazu navodno je spontano izgovorio George Washington prilikom njegove prve inauguracije, \u010dime je postavljen presedan za budu\u0107e predsednike.<\/p>\n\n\n\n<p class=\"wp-block-paragraph\">Me\u0111utim, ne postoje \u010dvrsti istorijski dokazi da je Washington zaista to rekao. Tokom ceremonije, Trump je koristio bibliju biv\u0161eg predsednika Abrahama Linkolna, koju je on koristio prilikom svoje inauguracije 1861. godine, kao i svoju li\u010dnu Bibliju, koju je dobio od majke, a koju je koristio prilikom polaganja zakletve 2017. godine.<\/p>\n\n\n\n<p class=\"wp-block-paragraph\" style=\"font-size:10px\">SOURCE: <a href=\"https:\/\/rtv.rs\/sr_lat\/svet\/donald-tramp-polozio-zakletvu-kao-47.-predsednik-sad-zlatno-doba-amerike-pocinje-sada_1600172.html\" target=\"_blank\" rel=\"noopener\">RTV.RS<\/a> I FOTO: X PRINTSCREEN<\/p>","protected":false},"excerpt":{"rendered":"<p>Predsednik SAD Donald Trump rekao je da &#8220;zlatno doba Amerike po\u010dinje ovog trenutka&#8220;, tokom svog govora za vreme ceremonije inauguracije. Trump je svoj prvi govor kao 47. predsednik SAD zapo\u010deo izjavom da &#8222;zlatno doba Amerike po\u010dinje upravo sada&#8220;. &#8220;Amerika \u0107e biti na prvom mestu. na\u0161 prioritet je da napravimo naciju koja je bezbedna, prosperitena i [&hellip;]<\/p>\n","protected":false},"author":3,"featured_media":16552,"comment_status":"","ping_status":"","sticky":false,"template":"","format":"standard","meta":{"footnotes":""},"categories":[368,369],"tags":[16880,538,404,6565,31068,35512,479,2303],"class_list":["post-24756","post","type-post","status-publish","format-standard","has-post-thumbnail","hentry","category-vesti-amerika","category-vesti","tag-americki-predsednik","tag-amerika","tag-donald-trump","tag-govor","tag-inauguracija","tag-inauguracija-trumpa","tag-predsednik-amerike","tag-sjedinjene-americke-drzave"],"_links":{"self":[{"href":"https:\/\/chicagodesavanja.us\/en\/wp-json\/wp\/v2\/posts\/24756","targetHints":{"allow":["GET"]}}],"collection":[{"href":"https:\/\/chicagodesavanja.us\/en\/wp-json\/wp\/v2\/posts"}],"about":[{"href":"https:\/\/chicagodesavanja.us\/en\/wp-json\/wp\/v2\/types\/post"}],"author":[{"embeddable":true,"href":"https:\/\/chicagodesavanja.us\/en\/wp-json\/wp\/v2\/users\/3"}],"replies":[{"embeddable":true,"href":"https:\/\/chicagodesavanja.us\/en\/wp-json\/wp\/v2\/comments?post=24756"}],"version-history":[{"count":0,"href":"https:\/\/chicagodesavanja.us\/en\/wp-json\/wp\/v2\/posts\/24756\/revisions"}],"wp:featuredmedia":[{"embeddable":true,"href":"https:\/\/chicagodesavanja.us\/en\/wp-json\/wp\/v2\/media\/16552"}],"wp:attachment":[{"href":"https:\/\/chicagodesavanja.us\/en\/wp-json\/wp\/v2\/media?parent=24756"}],"wp:term":[{"taxonomy":"category","embeddable":true,"href":"https:\/\/chicagodesavanja.us\/en\/wp-json\/wp\/v2\/categories?post=24756"},{"taxonomy":"post_tag","embeddable":true,"href":"https:\/\/chicagodesavanja.us\/en\/wp-json\/wp\/v2\/tags?post=24756"}],"curies":[{"name":"WP","href":"https:\/\/api.w.org\/{rel}","templated":true}]}}