{"id":24734,"date":"2025-01-22T05:10:00","date_gmt":"2025-01-22T05:10:00","guid":{"rendered":"https:\/\/chicagodesavanja.us\/imigranti-u-cikagu-strahuju-od-racija-prazne-ulice-i-zatvoreni-lokali\/"},"modified":"2025-01-22T05:10:00","modified_gmt":"2025-01-22T05:10:00","slug":"imigranti-u-cikagu-strahuju-od-racija-prazne-ulice-i-zatvoreni-lokali","status":"publish","type":"post","link":"https:\/\/chicagodesavanja.us\/en\/vesti\/imigranti-u-cikagu-strahuju-od-racija-prazne-ulice-i-zatvoreni-lokali\/","title":{"rendered":"Imigranti u \u010cikagu strahuju od racija: Prazne ulice i zatvoreni lokali"},"content":{"rendered":"<p class=\"wp-block-paragraph\">Najava masovnih deportacija izazvala je strah kod mnogih imigranata u \u010cikagu. Kada su pro\u0161log vikenda procurile informacije da racije po\u010dinju u utorak 21. januara, Martin Ramos iz Guadalajare odmah je obavestio poslodavca da ne\u0107e dolaziti na posao, kupio zalihe hrane i odlu\u010dio da deca presko\u010de trening fudbala.<\/p>\n\n\n\n<p class=\"wp-block-paragraph\">\u201eMoramo u\u010diniti sve da za\u0161titimo decu,\u201c rekao je Ramos. Deportacija bi, kako ka\u017ee, uni\u0161tila sve \u0161to je izgradio sa suprugom i ostavila njihove sinove bez budu\u0107nosti.<\/p>\n\n\n\n<p class=\"wp-block-paragraph\">U Joliet fabrici gde rade Ramos i njegova supruga, u utorak je bilo o\u010digledno koliko je strah sna\u017ean \u2013 samo desetak od uobi\u010dajenih pedesetak radnika pojavilo se na poslu. Sli\u010dna situacija bila je u \u010detvrti Little Village, jednoj od najve\u0107ih meksi\u010dkih zajednica u \u010cikagu. Ulice su bile prazne, a prodavci, naviknuti na sve vremenske prilike, nisu bili na uobi\u010dajenim mestima.<\/p>\n\n\n\n<p class=\"wp-block-paragraph\">Strah je dodatno porastao kada je administracija Donalda Trump-a najavila ukidanje pravila koja su spre\u010davala hap\u0161enja u \u0161kolama i crkvama. Sada ICE agenti mogu ulaziti i u ove \u201eza\u0161ti\u0107ene\u201c zone.<\/p>\n\n\n\n<p class=\"wp-block-paragraph\">\u201eLjudi se kriju,\u201c ka\u017ee Dolores Casta\u00f1eda, lokalna aktivistkinja. Dodala je da je nedeljna misa u crkvi St. Agnes bila neuobi\u010dajeno prazna.<\/p>\n\n\n\n<p class=\"wp-block-paragraph\">Ekonomske posledice su ve\u0107 vidljive. Prema Pew Research Center-u, 300.000 radnika u Ilinoisu su bili bez potrebne dokumentacije 2022. godine, \u010dine\u0107i 5% radne snage. Masovne deportacije mogle bi dodatno destabilizovati tr\u017ei\u0161te rada, podi\u0107i inflaciju i ugroziti stambeno tr\u017ei\u0161te, upozoravaju stru\u010dnjaci.<\/p>\n\n\n\n<p class=\"wp-block-paragraph\">Sam Toia, predsednik Udru\u017eenja restoratera Ilinoisa, naglasio je da su glasine o proverama izazvale dodatnu paniku me\u0111u radnicima, iako podr\u017eava deportaciju kriminalaca. \u201eMasovne deportacije samo \u0107e pove\u0107ati inflaciju,\u201c upozorava on.<\/p>\n\n\n\n<p class=\"wp-block-paragraph\">Imigranti u \u010cikagu su prinu\u0111eni da biraju izme\u0111u sigurnosti i osnovnih potreba. Pedro iz Michoac\u00e1n-a ka\u017ee: \u201eRa\u010duni i gladna usta ne \u010dekaju, bez obzira na sve \u0161to Trump ka\u017ee.\u201c<\/p>\n\n\n\n<p class=\"wp-block-paragraph\" style=\"font-size:10px\">SOURCE: <a href=\"https:\/\/www.chicagotribune.com\/2025\/01\/21\/immigrants-skip-work-amid-ice-fears\/\" target=\"_blank\" rel=\"noreferrer noopener\">CHICAGO TRIBUNE<\/a>, FOTO: UNSPLASH<\/p>","protected":false},"excerpt":{"rendered":"<p>Najava masovnih deportacija izazvala je strah kod mnogih imigranata u \u010cikagu. Kada su pro\u0161log vikenda procurile informacije da racije po\u010dinju u utorak 21. januara, Martin Ramos iz Guadalajare odmah je obavestio poslodavca da ne\u0107e dolaziti na posao, kupio zalihe hrane i odlu\u010dio da deca presko\u010de trening fudbala. \u201eMoramo u\u010diniti sve da za\u0161titimo decu,\u201c rekao je [&hellip;]<\/p>\n","protected":false},"author":1,"featured_media":0,"comment_status":"","ping_status":"","sticky":false,"template":"","format":"standard","meta":{"wpai_generated_summary":"","footnotes":""},"categories":[368,653,369],"tags":[370,35417,35418,2875,3984,2395,35419],"class_list":["post-24734","post","type-post","status-publish","format-standard","hentry","category-vesti-amerika","category-cikago","category-vesti","tag-cikago","tag-deportacije-trump","tag-ekonomski-uticaj-deportacija","tag-ice-racije","tag-imigranti","tag-prava-imigranata","tag-strah-od-hapsenja"],"_links":{"self":[{"href":"https:\/\/chicagodesavanja.us\/en\/wp-json\/wp\/v2\/posts\/24734","targetHints":{"allow":["GET"]}}],"collection":[{"href":"https:\/\/chicagodesavanja.us\/en\/wp-json\/wp\/v2\/posts"}],"about":[{"href":"https:\/\/chicagodesavanja.us\/en\/wp-json\/wp\/v2\/types\/post"}],"author":[{"embeddable":true,"href":"https:\/\/chicagodesavanja.us\/en\/wp-json\/wp\/v2\/users\/1"}],"replies":[{"embeddable":true,"href":"https:\/\/chicagodesavanja.us\/en\/wp-json\/wp\/v2\/comments?post=24734"}],"version-history":[{"count":0,"href":"https:\/\/chicagodesavanja.us\/en\/wp-json\/wp\/v2\/posts\/24734\/revisions"}],"wp:attachment":[{"href":"https:\/\/chicagodesavanja.us\/en\/wp-json\/wp\/v2\/media?parent=24734"}],"wp:term":[{"taxonomy":"category","embeddable":true,"href":"https:\/\/chicagodesavanja.us\/en\/wp-json\/wp\/v2\/categories?post=24734"},{"taxonomy":"post_tag","embeddable":true,"href":"https:\/\/chicagodesavanja.us\/en\/wp-json\/wp\/v2\/tags?post=24734"}],"curies":[{"name":"WP","href":"https:\/\/api.w.org\/{rel}","templated":true}]}}