{"id":24689,"date":"2025-01-27T04:30:00","date_gmt":"2025-01-27T04:30:00","guid":{"rendered":"https:\/\/chicagodesavanja.us\/italija-planira-povratak-na-nuklearnu-energiju-do-2027-godine\/"},"modified":"2025-01-27T04:30:00","modified_gmt":"2025-01-27T04:30:00","slug":"italija-planira-povratak-na-nuklearnu-energiju-do-2027-godine","status":"publish","type":"post","link":"https:\/\/chicagodesavanja.us\/en\/vesti\/italija-planira-povratak-na-nuklearnu-energiju-do-2027-godine\/","title":{"rendered":"Italija planira povratak na nuklearnu energiju do 2027. godine"},"content":{"rendered":"<p class=\"wp-block-paragraph\">Italija se priprema za povratak na nuklearnu energiju, vi\u0161e od \u010detiri decenije nakon \u0161to je obustavila rad svojih nuklearnih reaktora. <\/p>\n\n\n\n<p class=\"wp-block-paragraph\">Ministar za energetsku bezbednost i \u017eivotnu sredinu, Gilberto Piketo Fratin, izjavio je da \u0107e planovi i zakoni za ovu inicijativu biti finalizovani do kraja 2027. godine.<\/p>\n\n\n\n<p class=\"wp-block-paragraph\">Italija je 1987. godine, nakon katastrofe u \u010cernobilju, sprovela referendum kojim je odlu\u010deno da se prekine proizvodnja nuklearne energije. Ovu odluku su gra\u0111ani ponovo potvrdili na referendumu 2011. godine. Me\u0111utim, aktuelna vlada na \u010delu sa \u0110or\u0111om Meloni objavila je pro\u0161le godine planove za povratak nuklearnoj energiji, ovog puta uz kori\u0161\u0107enje malih modularnih reaktora (SMR).<\/p>\n\n\n\n<p class=\"wp-block-paragraph\">Ovi reaktori se isti\u010du manjim dimenzijama, ni\u017eim tro\u0161kovima i mogu\u0107no\u0161\u0107u instalacije na lokacijama neprikladnim za ve\u0107e reaktore. SMR reaktori omogu\u0107avaju postepenu izgradnju kako bi se zadovoljila rastu\u0107a potreba za energijom, \u0161to ih \u010dini atraktivnim izborom za Italiju.<\/p>\n\n\n\n<p class=\"wp-block-paragraph\">&#8222;Italija je spremna za povratak nuklearnoj energiji, koja \u0107e se koristiti kao dopuna obnovljivim izvorima energije, a ne kao njihova zamena,&#8220; rekao je Piketo.<\/p>\n\n\n\n<p class=\"wp-block-paragraph\">2024. godine, Piketo je otkrio da Italija pregovara sa nekoliko kompanija, uklju\u010duju\u0107i ameri\u010dki Westinghouse i francuski EDF, o saradnji u oblasti nuklearne energije. On je naglasio da je me\u0111unarodna saradnja klju\u010dna zbog obima potrebnih ulaganja.<\/p>\n\n\n\n<p class=\"wp-block-paragraph\">Ovim potezom Italija \u017eeli da osigura energetsku stabilnost i smanji zavisnost od fosilnih goriva, istovremeno prate\u0107i globalne trendove u energetskoj tranziciji.<\/p>\n\n\n\n<p class=\"wp-block-paragraph\" style=\"font-size:10px\">IZVOR: TANJUG, <a href=\"https:\/\/chicagodesavanja.us\/en\/\" target=\"_blank\" rel=\"noreferrer noopener\">CHICAGO DESAVANJA<\/a><a href=\"https:\/\/aktuelnosti.us\/\" target=\"_blank\" rel=\"noopener\">,<\/a> PHOTO: PIXABAY<\/p>","protected":false},"excerpt":{"rendered":"<p>Italija se priprema za povratak na nuklearnu energiju, vi\u0161e od \u010detiri decenije nakon \u0161to je obustavila rad svojih nuklearnih reaktora. Ministar za energetsku bezbednost i \u017eivotnu sredinu, Gilberto Piketo Fratin, izjavio je da \u0107e planovi i zakoni za ovu inicijativu biti finalizovani do kraja 2027. godine. Italija je 1987. godine, nakon katastrofe u \u010cernobilju, sprovela [&hellip;]<\/p>\n","protected":false},"author":1,"featured_media":0,"comment_status":"","ping_status":"","sticky":false,"template":"","format":"standard","meta":{"wpai_generated_summary":"","footnotes":""},"categories":[431,369],"tags":[4207,35241,35242,532,35243,9948,35244,35245,35246,35247],"class_list":["post-24689","post","type-post","status-publish","format-standard","hentry","category-svet","category-vesti","tag-dordja-meloni","tag-energetska-tranzicija-italija","tag-gilberto-piketo-fratin","tag-italija","tag-mali-modularni-reaktori","tag-nuklearna-energija","tag-nuklearna-energija-zakon-2027","tag-povratak-nuklearkama","tag-smr-reaktori-italija","tag-westinghouse-edf"],"_links":{"self":[{"href":"https:\/\/chicagodesavanja.us\/en\/wp-json\/wp\/v2\/posts\/24689","targetHints":{"allow":["GET"]}}],"collection":[{"href":"https:\/\/chicagodesavanja.us\/en\/wp-json\/wp\/v2\/posts"}],"about":[{"href":"https:\/\/chicagodesavanja.us\/en\/wp-json\/wp\/v2\/types\/post"}],"author":[{"embeddable":true,"href":"https:\/\/chicagodesavanja.us\/en\/wp-json\/wp\/v2\/users\/1"}],"replies":[{"embeddable":true,"href":"https:\/\/chicagodesavanja.us\/en\/wp-json\/wp\/v2\/comments?post=24689"}],"version-history":[{"count":0,"href":"https:\/\/chicagodesavanja.us\/en\/wp-json\/wp\/v2\/posts\/24689\/revisions"}],"wp:attachment":[{"href":"https:\/\/chicagodesavanja.us\/en\/wp-json\/wp\/v2\/media?parent=24689"}],"wp:term":[{"taxonomy":"category","embeddable":true,"href":"https:\/\/chicagodesavanja.us\/en\/wp-json\/wp\/v2\/categories?post=24689"},{"taxonomy":"post_tag","embeddable":true,"href":"https:\/\/chicagodesavanja.us\/en\/wp-json\/wp\/v2\/tags?post=24689"}],"curies":[{"name":"WP","href":"https:\/\/api.w.org\/{rel}","templated":true}]}}