{"id":24618,"date":"2025-02-04T04:06:00","date_gmt":"2025-02-04T04:06:00","guid":{"rendered":"https:\/\/chicagodesavanja.us\/trump-razgovarao-sa-scheinbaum-odlozio-sankcije-na-mesec-dana\/"},"modified":"2025-02-04T04:06:00","modified_gmt":"2025-02-04T04:06:00","slug":"trump-razgovarao-sa-scheinbaum-odlozio-sankcije-na-mesec-dana","status":"publish","type":"post","link":"https:\/\/chicagodesavanja.us\/en\/vesti\/trump-razgovarao-sa-scheinbaum-odlozio-sankcije-na-mesec-dana\/","title":{"rendered":"Trump odlo\u017eio carine Meksiku na mesec dana"},"content":{"rendered":"<p class=\"wp-block-paragraph\">Ameri\u010dki predsednik Donald Trump doneo je odluku o suspendovanju najavljenih carina SAD prema Meksiku na mesec dana, preneo je Reuters.<\/p>\n\n\n\n<p class=\"wp-block-paragraph\">&#8222;Radujemo se pregovorima sa predsednicom Scheinbaum u nastojanju da postignemo dogovor izme\u0111u na\u0161e dve zemlje&#8220;, rekao je Trump nakon telefonskog razgovora s meksi\u010dkom predsednicom Claudia-om Scheinbaum.<\/p>\n\n\n\n<p class=\"wp-block-paragraph\">On je istakao da \u0107e biti deo tima SAD u pregovorima s Meksikom, zajedno s ameri\u010dkim dr\u017eavnim sekretarom Marc Rubi-om, ministrom finansija Scott Bessent-om i sekretarom za trgovinu Hauardom Lutnikom.<\/p>\n\n\n\n<p class=\"wp-block-paragraph\">Scheinbaum je na konferenciji za medije nakon razgovora s Trum-pom rekla da je razgovor bio dug i da su pokrili &#8222;vi\u0161e tema od zajedni\u010dkog interesa&#8220;.<\/p>\n\n\n\n<p class=\"wp-block-paragraph\">Istakla je da je ona Trump-u predlo\u017eila da suspenduje carine, dodaju\u0107i da je Trump insistirao da diskutuju o trgovinskom deficitu koji SAD imaju u trgovini s Meksikom, ali da je ona to odbila.<\/p>\n\n\n\n<p class=\"wp-block-paragraph\">&#8222;Sigurna sam da \u0107emo za mesec dana videti prve rezultate. Mislim da smo postigli dobar dogovor, nastavi\u0107emo da sara\u0111ujemo sa SAD na poljima bezbednosti i trgovine&#8220;, rekla je Scheinbaum.<\/p>\n\n\n\n<p class=\"wp-block-paragraph\">Istakla je da \u0107e ovaj dogovor osna\u017eiti bezbednost na granici izme\u0111u dve zemlje, dodaju\u0107i da \u0107e ona uvek podr\u017eavati i braniti meksi\u010dke migrante.<\/p>\n\n\n\n<p class=\"wp-block-paragraph\">Navela je da su se ona i Trump dogovorili da nastave dijalog, ali i da nisu dogovorili datum eventualnog slede\u0107eg razgovora.<\/p>\n\n\n\n<p class=\"wp-block-paragraph\">Tramp je tokom vikenda uveo carine od 25 odsto na robu iz Kanada i Meksika, kao i dodatnu carinu od 10 odsto na robu iz Kine, prenosi\u00a0BBC.<\/p>\n\n\n\n<p class=\"wp-block-paragraph\" style=\"font-size:10px\">SOURCE: <a href=\"https:\/\/www.euronews.rs\/svet\/fokus\/155976\/tramp-suspendovao-carine-na-meksiko-na-mesec-dana\/vest\" target=\"_blank\" rel=\"noopener\">EURONEWS<\/a> PHOTO: PIXABAY<\/p>","protected":false},"excerpt":{"rendered":"<p>Ameri\u010dki predsednik Donald Trump doneo je odluku o suspendovanju najavljenih carina SAD prema Meksiku na mesec dana, preneo je Reuters. &#8222;Radujemo se pregovorima sa predsednicom Scheinbaum u nastojanju da postignemo dogovor izme\u0111u na\u0161e dve zemlje&#8220;, rekao je Trump nakon telefonskog razgovora s meksi\u010dkom predsednicom Claudia-om Scheinbaum. On je istakao da \u0107e biti deo tima SAD [&hellip;]<\/p>\n","protected":false},"author":3,"featured_media":0,"comment_status":"","ping_status":"","sticky":false,"template":"","format":"standard","meta":{"wpai_generated_summary":"","footnotes":""},"categories":[368,369],"tags":[538,2285,35002,404,6455,35003],"class_list":["post-24618","post","type-post","status-publish","format-standard","hentry","category-vesti-amerika","category-vesti","tag-amerika","tag-carine","tag-claudia-scheinbaum","tag-donald-trump","tag-meksiko","tag-odlozene-carine-meksiku"],"_links":{"self":[{"href":"https:\/\/chicagodesavanja.us\/en\/wp-json\/wp\/v2\/posts\/24618","targetHints":{"allow":["GET"]}}],"collection":[{"href":"https:\/\/chicagodesavanja.us\/en\/wp-json\/wp\/v2\/posts"}],"about":[{"href":"https:\/\/chicagodesavanja.us\/en\/wp-json\/wp\/v2\/types\/post"}],"author":[{"embeddable":true,"href":"https:\/\/chicagodesavanja.us\/en\/wp-json\/wp\/v2\/users\/3"}],"replies":[{"embeddable":true,"href":"https:\/\/chicagodesavanja.us\/en\/wp-json\/wp\/v2\/comments?post=24618"}],"version-history":[{"count":0,"href":"https:\/\/chicagodesavanja.us\/en\/wp-json\/wp\/v2\/posts\/24618\/revisions"}],"wp:attachment":[{"href":"https:\/\/chicagodesavanja.us\/en\/wp-json\/wp\/v2\/media?parent=24618"}],"wp:term":[{"taxonomy":"category","embeddable":true,"href":"https:\/\/chicagodesavanja.us\/en\/wp-json\/wp\/v2\/categories?post=24618"},{"taxonomy":"post_tag","embeddable":true,"href":"https:\/\/chicagodesavanja.us\/en\/wp-json\/wp\/v2\/tags?post=24618"}],"curies":[{"name":"WP","href":"https:\/\/api.w.org\/{rel}","templated":true}]}}