{"id":24537,"date":"2025-02-11T04:30:00","date_gmt":"2025-02-11T04:30:00","guid":{"rendered":"https:\/\/chicagodesavanja.us\/erdogan-izrael-mora-okoncati-okupaciju-palestinskih-teritorija\/"},"modified":"2025-02-11T04:30:00","modified_gmt":"2025-02-11T04:30:00","slug":"erdogan-izrael-mora-okoncati-okupaciju-palestinskih-teritorija","status":"publish","type":"post","link":"https:\/\/chicagodesavanja.us\/en\/vesti\/erdogan-izrael-mora-okoncati-okupaciju-palestinskih-teritorija\/","title":{"rendered":"Erdogan: Izrael mora okon\u010dati okupaciju palestinskih teritorija"},"content":{"rendered":"<p class=\"wp-block-paragraph\">Predsednik Turske Red\u017eep Tajip Erdogan izjavio je da Izrael mora prekinuti okupaciju palestinskih teritorija i nadoknaditi \u0161tetu koju je prouzrokovao. On je istakao da je formiranje nezavisne, suverene i geografski povezane dr\u017eave Palestine, zasnovane na granicama iz 1967. godine, sa Isto\u010dnim Jerusalimom kao glavnim gradom \u2013 neophodno re\u0161enje.<\/p>\n\n\n\n<p class=\"wp-block-paragraph\">Erdogan je ovu izjavu dao tokom konferencije za medije u Kuala Lumpuru, gde se sastao sa premijerom Malezije Anwarom Ibrahimom. Tom prilikom, naglasio je da je neophodna \u0161ira me\u0111unarodna saradnja kako bi se ubla\u017eile patnje palestinskog naroda.<\/p>\n\n\n\n<p class=\"wp-block-paragraph\"><strong>Pomo\u0107 Gazi i apel na ASEAN<\/strong><\/p>\n\n\n\n<p class=\"wp-block-paragraph\">Govore\u0107i o humanitarnoj situaciji u Gazi, Erdogan je izrazio uverenje da bi se situacija mogla pobolj\u0161ati ukoliko se zemlje \u010dlanice Saveza dr\u017eava Jugoisto\u010dne Azije (ASEAN) udru\u017ee u zajedni\u010dkoj akciji.<\/p>\n\n\n\n<p class=\"wp-block-paragraph\">\u201eKako mo\u017eemo zajedno sa \u010dlanicama ASEAN-a pomo\u0107i Palestini? To nije ne\u0161to \u0161to Malezija i Turska mogu u\u010diniti same, ali ako se sve zemlje udru\u017ee, mo\u017eemo posti\u0107i rezultat\u201c, poru\u010dio je turski predsednik.<\/p>\n\n\n\n<p class=\"wp-block-paragraph\">On je podsetio da je Turska do sada poslala vi\u0161e od 100 brodova humanitarne pomo\u0107i Palestini i da se ti napori nastavljaju.<\/p>\n\n\n\n<p class=\"wp-block-paragraph\"><strong>Kritika izraelske politike<\/strong><\/p>\n\n\n\n<p class=\"wp-block-paragraph\">Erdogan je o\u0161tro kritikovao izraelsku politiku prema Palestini, nazivaju\u0107i je politikom \u201eokupacije, invazije i masakra\u201c. Tako\u0111e, optu\u017eio je Izrael da ne po\u0161tuje dogovore o prekidu vatre.<\/p>\n\n\n\n<p class=\"wp-block-paragraph\">\u201eVideli smo da Izrael nije odr\u017eao svoja obe\u0107anja u poslednjem sporazumu o prekidu vatre, kao ni u prethodnim\u201c, naglasio je Erdogan.<\/p>\n\n\n\n<p class=\"wp-block-paragraph\" style=\"font-size:10px\">IZVOR: TANJUG, <a href=\"https:\/\/chicagodesavanja.us\/en\/\" target=\"_blank\" rel=\"noreferrer noopener\">CHICAGO DESAVANJA<\/a>, PHOTO: PRINTSCREEN <\/p>","protected":false},"excerpt":{"rendered":"<p>Predsednik Turske Red\u017eep Tajip Erdogan izjavio je da Izrael mora prekinuti okupaciju palestinskih teritorija i nadoknaditi \u0161tetu koju je prouzrokovao. On je istakao da je formiranje nezavisne, suverene i geografski povezane dr\u017eave Palestine, zasnovane na granicama iz 1967. godine, sa Isto\u010dnim Jerusalimom kao glavnim gradom \u2013 neophodno re\u0161enje. Erdogan je ovu izjavu dao tokom konferencije [&hellip;]<\/p>\n","protected":false},"author":1,"featured_media":18119,"comment_status":"","ping_status":"","sticky":false,"template":"","format":"standard","meta":{"footnotes":""},"categories":[431,369],"tags":[16408,34706,12682,20052,34707,948,34708,4213,887,5770],"class_list":["post-24537","post","type-post","status-publish","format-standard","has-post-thumbnail","hentry","category-svet","category-vesti","tag-anwar-ibrahim","tag-asean","tag-gaza","tag-humanitarna-pomoc","tag-istocni-jerusalim","tag-izrael","tag-okupacija","tag-palestina","tag-prekid-vatre","tag-redzep-tajip-erdogan"],"_links":{"self":[{"href":"https:\/\/chicagodesavanja.us\/en\/wp-json\/wp\/v2\/posts\/24537","targetHints":{"allow":["GET"]}}],"collection":[{"href":"https:\/\/chicagodesavanja.us\/en\/wp-json\/wp\/v2\/posts"}],"about":[{"href":"https:\/\/chicagodesavanja.us\/en\/wp-json\/wp\/v2\/types\/post"}],"author":[{"embeddable":true,"href":"https:\/\/chicagodesavanja.us\/en\/wp-json\/wp\/v2\/users\/1"}],"replies":[{"embeddable":true,"href":"https:\/\/chicagodesavanja.us\/en\/wp-json\/wp\/v2\/comments?post=24537"}],"version-history":[{"count":0,"href":"https:\/\/chicagodesavanja.us\/en\/wp-json\/wp\/v2\/posts\/24537\/revisions"}],"wp:featuredmedia":[{"embeddable":true,"href":"https:\/\/chicagodesavanja.us\/en\/wp-json\/wp\/v2\/media\/18119"}],"wp:attachment":[{"href":"https:\/\/chicagodesavanja.us\/en\/wp-json\/wp\/v2\/media?parent=24537"}],"wp:term":[{"taxonomy":"category","embeddable":true,"href":"https:\/\/chicagodesavanja.us\/en\/wp-json\/wp\/v2\/categories?post=24537"},{"taxonomy":"post_tag","embeddable":true,"href":"https:\/\/chicagodesavanja.us\/en\/wp-json\/wp\/v2\/tags?post=24537"}],"curies":[{"name":"WP","href":"https:\/\/api.w.org\/{rel}","templated":true}]}}