{"id":24452,"date":"2025-02-19T05:45:00","date_gmt":"2025-02-19T05:45:00","guid":{"rendered":"https:\/\/chicagodesavanja.us\/stjuardesa-vanja-vicentijevic-tesko-povredjena-u-nesreci-prilikom-sletanja-aviona-na-aerodrom-u-torontu\/"},"modified":"2025-02-19T05:45:00","modified_gmt":"2025-02-19T05:45:00","slug":"stjuardesa-vanja-vicentijevic-tesko-povredjena-u-nesreci-prilikom-sletanja-aviona-na-aerodrom-u-torontu","status":"publish","type":"post","link":"https:\/\/chicagodesavanja.us\/en\/vesti\/stjuardesa-vanja-vicentijevic-tesko-povredjena-u-nesreci-prilikom-sletanja-aviona-na-aerodrom-u-torontu\/","title":{"rendered":"Stjuardesa iz Beograda bila u avionu koji se prevrnuo na aerodromu u Torontu \u2013 u kriti\u010dnom stanju"},"content":{"rendered":"<p class=\"wp-block-paragraph\">Stjuardesa Vanja Vi\u0107entijevi\u0107 (32) iz Beograda jedna je od te\u0161ko povre\u0111enih u avionskoj nesre\u0107i, kada se avion ameri\u010dke kompanije &#8222;Delta Airlines&#8220; prevrnuo pri sletanju na me\u0111unarodni aerodrom u Torontu u Kanadi. Redakciju Blica kontaktirala je Vanjina zabrinuta porodica, a o njoj znaju samo da je u bolnici i da je u jako kriti\u010dnom stanju, odnosno da joj se lekari bore za \u017eivot!<\/p>\n\n\n\n<p class=\"wp-block-paragraph\">\u201eVanja je radila kao stjuardesa na letu 4819, a pri sletanju na aerodrom Pirson u Torontu te\u0161ko je povre\u0111ena. Prilikom prevrtanja aviona, njoj je rebro probilo plu\u0107nu maramicu, i sada se nalazi u stanju medicinskog \u0161oka, nije u svesnom stanju. Njeno stanje je jako kriti\u010dno, i bori se za \u017eivot. To je sve sto su nam rekli iz bolnice, ni\u0161ta vi\u0161e ne znamo\u201c, kazala je za&nbsp;<a href=\"https:\/\/www.blic.rs\/vesti\/svet\/stjuardesa-iz-beograda-bila-u-prevrnutom-avionu-u-torontu-vanja-tesko-povredjena\/rge4566?utm_campaign=article&amp;utm_medium=push&amp;utm_source=browser&amp;utm_term=cde-onesignal-browser-breaking-news-1152\" target=\"_blank\" rel=\"noreferrer noopener\">Blic<\/a>&nbsp;njena ro\u0111aka Mirjana Dori\u0107.<\/p>\n\n\n\n<p class=\"wp-block-paragraph\">Kako tvrdi Mirjana, Vanja, koja je rodom iz Sopota, nakon povreda zadobijenih u avionskoj nesre\u0107i trenutno se nalazi u bolnici \u201ePearson Health community Centar\u201c.<\/p>\n\n\n\n<p class=\"wp-block-paragraph\">\u201eZahtevaju da neko od porodice ode tamo radi detalja. Mi nismo u mogu\u0107nosti da je posetimo, a i posete su zabranjenje. Ni\u0161ta vi\u0161e nismo saznali ni iz medija. Porodica je o\u010dajna, nadamo se najboljem, i da \u0107e se izvu\u0107i. To je sve \u0161to nam preostaje \u2013 ka\u017ee za Blic ro\u0111aka Mirjana Dori\u0107.<\/p>\n\n\n\n<p class=\"wp-block-paragraph\"><strong>Najmanje 18 povre\u0111enih, troje te\u0161ko<\/strong><\/p>\n\n\n\n<p class=\"wp-block-paragraph\">Prema najnovijim informacijama, najmanje 18 ljudi povre\u0111eno je, od kojih troje te\u017ee, nakon \u0161to se avion ameri\u010dke kompanije \u201eDelta Airlines\u201c prevrnuo pri sletanju na me\u0111unarodni aerodrom \u201cPirson\u201c u Torontu.<\/p>\n\n\n\n<p class=\"wp-block-paragraph\">Me\u0111u troje te\u017ee povre\u0111enih je i jedno dete, koje je kolima hitne pomo\u0107i prevezeno u de\u010dju bolnicu u Torontu. Na svu sre\u0107u, svih 80 putnika je pre\u017eivelo, a tokom incidenta oni su visili naopa\u010dke kao slepi mi\u0161evi.<\/p>\n\n\n\n<p class=\"wp-block-paragraph\">Kako prenosi CTV News, avion koji se prevrnuo je manji mlaznjak \u201cmitsubishi CRJ-900LR\u201c.<\/p>\n\n\n\n<p class=\"wp-block-paragraph\">Ljudi su pani\u010dno iskakali iz aviona bez jakni, spasavaju\u0107i \u017eivu glavu, koji je ostao okrenut na krov i be\u017eali preko piste prekrivene snegom, dok je po njima sipala pena kojom su vatrogasci zasipali avion da spre\u010de po\u017ear.<\/p>\n\n\n\n<p class=\"wp-block-paragraph\">Istragu o nesre\u0107i \u0107e voditi kanadske vlasti, jer se dogodila na kanadskoj teritoriji. Detalji o uzrocima incidenta jo\u0161 nisu poznati, ali se spekuli\u0161e da je jak bo\u010dni vetar prevrnuo avion.<\/p>\n\n\n\n<p class=\"wp-block-paragraph\" style=\"font-size:10px\">SOURCE: <a href=\"https:\/\/n1info.rs\/svet\/blic-stjuardesa-iz-beograda-bila-u-avionu-koji-se-prevrnuo-na-aerodromu-u-torontu-u-kriticnom-stanju\/\" target=\"_blank\" rel=\"noopener\">N1<\/a>, <a href=\"https:\/\/www.blic.rs\/vesti\/svet\/stjuardesa-iz-beograda-bila-u-prevrnutom-avionu-u-torontu-vanja-tesko-povredjena\/rge4566?utm_campaign=article&amp;utm_medium=push&amp;utm_source=browser&amp;utm_term=cde-onesignal-browser-breaking-news-1152\" target=\"_blank\" rel=\"noopener\">BLIC<\/a> I FOTO: LINKED IN PRINTSCREEN<\/p>","protected":false},"excerpt":{"rendered":"<p>Stjuardesa Vanja Vi\u0107entijevi\u0107 (32) iz Beograda jedna je od te\u0161ko povre\u0111enih u avionskoj nesre\u0107i, kada se avion ameri\u010dke kompanije &#8222;Delta Airlines&#8220; prevrnuo pri sletanju na me\u0111unarodni aerodrom u Torontu u Kanadi. Redakciju Blica kontaktirala je Vanjina zabrinuta porodica, a o njoj znaju samo da je u bolnici i da je u jako kriti\u010dnom stanju, odnosno [&hellip;]<\/p>\n","protected":false},"author":3,"featured_media":0,"comment_status":"","ping_status":"","sticky":false,"template":"","format":"standard","meta":{"footnotes":""},"categories":[368,369],"tags":[28611,34319,12349,34320,34279,34321,34281],"class_list":["post-24452","post","type-post","status-publish","format-standard","hentry","category-vesti-amerika","category-vesti","tag-avionska-nesreca-2","tag-beogradjanka","tag-delta-airlines","tag-prevrtanje-aviona","tag-stjuardesa-iz-beograda","tag-tesko-povredjena","tag-vanja-vicentijevic"],"_links":{"self":[{"href":"https:\/\/chicagodesavanja.us\/en\/wp-json\/wp\/v2\/posts\/24452","targetHints":{"allow":["GET"]}}],"collection":[{"href":"https:\/\/chicagodesavanja.us\/en\/wp-json\/wp\/v2\/posts"}],"about":[{"href":"https:\/\/chicagodesavanja.us\/en\/wp-json\/wp\/v2\/types\/post"}],"author":[{"embeddable":true,"href":"https:\/\/chicagodesavanja.us\/en\/wp-json\/wp\/v2\/users\/3"}],"replies":[{"embeddable":true,"href":"https:\/\/chicagodesavanja.us\/en\/wp-json\/wp\/v2\/comments?post=24452"}],"version-history":[{"count":0,"href":"https:\/\/chicagodesavanja.us\/en\/wp-json\/wp\/v2\/posts\/24452\/revisions"}],"wp:attachment":[{"href":"https:\/\/chicagodesavanja.us\/en\/wp-json\/wp\/v2\/media?parent=24452"}],"wp:term":[{"taxonomy":"category","embeddable":true,"href":"https:\/\/chicagodesavanja.us\/en\/wp-json\/wp\/v2\/categories?post=24452"},{"taxonomy":"post_tag","embeddable":true,"href":"https:\/\/chicagodesavanja.us\/en\/wp-json\/wp\/v2\/tags?post=24452"}],"curies":[{"name":"WP","href":"https:\/\/api.w.org\/{rel}","templated":true}]}}