{"id":24437,"date":"2025-02-20T12:52:33","date_gmt":"2025-02-20T12:52:33","guid":{"rendered":"https:\/\/chicagodesavanja.us\/seka-aleksic-odusevila-publiku-u-cikagu\/"},"modified":"2025-02-20T12:52:33","modified_gmt":"2025-02-20T12:52:33","slug":"seka-aleksic-odusevila-publiku-u-cikagu","status":"publish","type":"post","link":"https:\/\/chicagodesavanja.us\/en\/vesti\/seka-aleksic-odusevila-publiku-u-cikagu\/","title":{"rendered":"Seka Aleksi\u0107 u \u010cikagu: Turneja koja je izazvala veliko interesovanje (VIDEO)"},"content":{"rendered":"<p class=\"wp-block-paragraph\">Posle vi\u0161e od 13 godina, Seka Aleksi\u0107 se vratila na turneju po Americi, a njeni nastupi izazvali su ogromno interesovanje publike.Turneju je zavr\u0161ila nastupom u Compas Areni i to u organizaciji Music star-a i Atlanta Balkan Entertaimenta. Turneja joj je posebno zna\u010dajna ne samo zbog susreta sa fanovima, ve\u0107 i zbog nove \u017eivotne uloge \u2013 sada je putovala ne samo kao muzi\u010dka zvezda, ve\u0107 i kao majka dvoje dece.<\/p>\n\n\n\n<p class=\"wp-block-paragraph\">\u201eMnogo se toga promenilo od poslednje turneje po Americi. Danas sam \u017eena s vi\u0161e iskustva, majka i supruga, ali i dalje ona ista Seka koja voli svoju publiku i scenu,\u201c rekla je peva\u010dica pred po\u010detak turneje. Iako publiku do\u017eivljava sli\u010dno bez obzira na lokaciju, isti\u010de da su stare pesme uvek one koje ljudi najvi\u0161e vole i tra\u017ee.<\/p>\n\n\n\n<figure class=\"wp-block-embed is-type-video is-provider-youtube wp-block-embed-youtube wp-embed-aspect-16-9 wp-has-aspect-ratio\"><div class=\"wp-block-embed__wrapper\">\n<iframe loading=\"lazy\" title=\"INTERVJU:  Seka Aleksi\u0107 (Chicago 2025)\" width=\"500\" height=\"281\" src=\"https:\/\/www.youtube.com\/embed\/h4RPyRqkxDM?feature=oembed\" frameborder=\"0\" allow=\"accelerometer; autoplay; clipboard-write; encrypted-media; gyroscope; picture-in-picture; web-share\" referrerpolicy=\"strict-origin-when-cross-origin\" allowfullscreen><\/iframe>\n<\/div><\/figure>\n\n\n\n<p class=\"wp-block-paragraph\"><\/p>\n\n\n\n<p class=\"wp-block-paragraph\">Tokom karijere sara\u0111ivala je sa brojnim kompozitorima i tekstopiscima, a posebno izdvaja Sa\u0161u Lazi\u0107a, koji je napravio prekretnicu u njenom muzi\u010dkom izrazu, i Dragi\u0161u Ba\u0161u, autora pesme Ro\u0111ena s vukovima, koja je tek poslednjih godina dobila zaslu\u017eenu pa\u017enju publike. Kada bi birala nekoga za duet, bez razmi\u0161ljanja bi to bio Zdravko \u010coli\u0107, koga smatra najve\u0107om muzi\u010dkom zvezdom na Balkanu.<\/p>\n\n\n\n<figure class=\"wp-block-image size-full\"><img decoding=\"async\" src=\"https:\/\/aktuelnosti.us\/wp-content\/uploads\/2025\/02\/Seka-2.png\" alt=\"\" class=\"wp-image-194224\" \/><\/figure>\n\n\n\n<p class=\"wp-block-paragraph\"><\/p>\n\n\n\n<p class=\"wp-block-paragraph\">Kao neko ko vodi dinami\u010dan \u017eivot izme\u0111u scene i porodice, Seka priznaje da joj je podr\u0161ka najbli\u017eih klju\u010dna. \u201eMene najvi\u0161e podr\u017eava moj suprug, moji prijatelji i saradnici. Uvek biram dobre ljude oko sebe, jer je to osnova svakog uspeha,\u201c ka\u017ee ona.<\/p>\n\n\n\n<p class=\"wp-block-paragraph\">Planovi za budu\u0107nost su joj jasni \u2013 23. aprila, na svoj ro\u0111endan, planira da objavi tri nove pesme, a nakon toga i veliki koncert u Beogradu. \u201eMoj posao, pored porodice, uvek mi je prioritet. Trudim se da snimam kvalitetne pesme i da pru\u017eim publici najbolje od sebe.\u201c<\/p>\n\n\n\n<figure class=\"wp-block-image size-full\"><img decoding=\"async\" src=\"https:\/\/aktuelnosti.us\/wp-content\/uploads\/2025\/02\/Seka-3.png\" alt=\"\" class=\"wp-image-194225\" \/><\/figure>\n\n\n\n<p class=\"wp-block-paragraph\"><\/p>\n\n\n\n<p class=\"wp-block-paragraph\">Za kraj, Seka isti\u010de ono \u0161to je vodi kroz karijeru i \u017eivot: \u201eSve se mo\u017ee kada imate dobru organizaciju i prave ljude oko sebe. Moja porodica je moj oslonac, a muzika moja strast.\u201c Turneja po Americi jo\u0161 jednom je dokazala da njena ljubav prema muzici ne bledi, bez obzira na sve promene koje \u017eivot donosi.<\/p>\n\n\n\n<p class=\"wp-block-paragraph\" style=\"font-size:10px\">PI\u0160E: ANDRIANA BJEDOV I FOTO: ANDRIANA BJEDOV<\/p>","protected":false},"excerpt":{"rendered":"<p>Posle vi\u0161e od 13 godina, Seka Aleksi\u0107 se vratila na turneju po Americi, a njeni nastupi izazvali su ogromno interesovanje publike.Turneju je zavr\u0161ila nastupom u Compas Areni i to u organizaciji Music star-a i Atlanta Balkan Entertaimenta. Turneja joj je posebno zna\u010dajna ne samo zbog susreta sa fanovima, ve\u0107 i zbog nove \u017eivotne uloge \u2013 [&hellip;]<\/p>\n","protected":false},"author":3,"featured_media":0,"comment_status":"","ping_status":"","sticky":false,"template":"","format":"standard","meta":{"footnotes":""},"categories":[368,653,599],"tags":[20138,370,5802,34225,10568,12731,14177,34226,34227,34228,34229,3784,34230,5289],"class_list":["post-24437","post","type-post","status-publish","format-standard","hentry","category-vesti-amerika","category-cikago","category-predstavljamo","tag-balkanska-muzika","tag-cikago","tag-estradna-scena","tag-hit-pesme","tag-koncerti","tag-koncerti-u-cikagu","tag-muzicka-karijera","tag-muzicka-scena","tag-nastupi-uzivo","tag-nova-muzika","tag-publika","tag-seka-aleksic","tag-turneja-po-americi","tag-zdravko-colic-2"],"_links":{"self":[{"href":"https:\/\/chicagodesavanja.us\/en\/wp-json\/wp\/v2\/posts\/24437","targetHints":{"allow":["GET"]}}],"collection":[{"href":"https:\/\/chicagodesavanja.us\/en\/wp-json\/wp\/v2\/posts"}],"about":[{"href":"https:\/\/chicagodesavanja.us\/en\/wp-json\/wp\/v2\/types\/post"}],"author":[{"embeddable":true,"href":"https:\/\/chicagodesavanja.us\/en\/wp-json\/wp\/v2\/users\/3"}],"replies":[{"embeddable":true,"href":"https:\/\/chicagodesavanja.us\/en\/wp-json\/wp\/v2\/comments?post=24437"}],"version-history":[{"count":0,"href":"https:\/\/chicagodesavanja.us\/en\/wp-json\/wp\/v2\/posts\/24437\/revisions"}],"wp:attachment":[{"href":"https:\/\/chicagodesavanja.us\/en\/wp-json\/wp\/v2\/media?parent=24437"}],"wp:term":[{"taxonomy":"category","embeddable":true,"href":"https:\/\/chicagodesavanja.us\/en\/wp-json\/wp\/v2\/categories?post=24437"},{"taxonomy":"post_tag","embeddable":true,"href":"https:\/\/chicagodesavanja.us\/en\/wp-json\/wp\/v2\/tags?post=24437"}],"curies":[{"name":"WP","href":"https:\/\/api.w.org\/{rel}","templated":true}]}}