{"id":24432,"date":"2025-02-21T04:00:00","date_gmt":"2025-02-21T04:00:00","guid":{"rendered":"https:\/\/chicagodesavanja.us\/meksiko-menja-ustav-zbog-straha-od-americke-intervencije\/"},"modified":"2025-02-21T04:00:00","modified_gmt":"2025-02-21T04:00:00","slug":"meksiko-menja-ustav-zbog-straha-od-americke-intervencije","status":"publish","type":"post","link":"https:\/\/chicagodesavanja.us\/en\/vesti\/meksiko-menja-ustav-zbog-straha-od-americke-intervencije\/","title":{"rendered":"Meksiko menja Ustav zbog straha od ameri\u010dke intervencije"},"content":{"rendered":"<p class=\"wp-block-paragraph\">Predsednica Meksika Klaudija \u0160ejnbaum najavila je ustavne izmene kako bi se osigurala za\u0161tita suvereniteta zemlje i spre\u010dila bilo kakva strana intervencija, posebno iz SAD-a. <\/p>\n\n\n\n<p class=\"wp-block-paragraph\">Ovaj potez dolazi nakon \u0161to je administracija Donald Trump-a proglasila \u0161est meksi\u010dkih narko-kartela za \u201einostrane teroristi\u010dke organizacije\u201c, \u0161to je u Meksiku izazvalo bojazan od mogu\u0107e ameri\u010dke vojne akcije na njihovoj teritoriji.<\/p>\n\n\n\n<h3 class=\"wp-block-heading\" id=\"h-odbrana-suvereniteta-meksika\"><strong>Odbrana suvereniteta Meksika<\/strong><\/h3>\n\n\n\n<p class=\"wp-block-paragraph\">\u201eMeksi\u010dki narod ne\u0107e prihvatiti ni pod kojim okolnostima bilo kakvu intervenciju iz inostranstva koja bi mogla ugroziti na\u0161u nezavisnost i teritorijalni integritet\u201c, poru\u010dila je \u0160ejnbaum. Ona je naglasila da Meksiko ne\u0107e dozvoliti stranim agentima da u\u010destvuju u istragama i krivi\u010dnim gonjenjima bez dozvole i saradnje meksi\u010dkih vlasti.<\/p>\n\n\n\n<p class=\"wp-block-paragraph\">Biv\u0161i predsednik Andres Manuel Lopez Obrador ve\u0107 je doneo zakone kojima se ograni\u010dava delovanje stranih agenata u Meksiku, ali \u0160ejnbaum sada predla\u017ee da ta ograni\u010denja budu deo Ustava.<\/p>\n\n\n\n<h3 class=\"wp-block-heading\" id=\"h-odgovor-na-americke-mere\"><strong>Odgovor na ameri\u010dke mere<\/strong><\/h3>\n\n\n\n<p class=\"wp-block-paragraph\">Ameri\u010dki Federalni registar objavio je nazive osam \u201ezlo\u010dina\u010dkih organizacija sa sedi\u0161tem u Latinskoj Americi\u201c, koje su sada zvani\u010dno klasifikovane kao teroristi\u010dke. Ova oznaka omogu\u0107ava SAD-u da poja\u010da pritisak na kartele, ali Meksiko strahuje da bi mogla poslu\u017eiti kao izgovor za eventualnu vojnu akciju.<\/p>\n\n\n\n<p class=\"wp-block-paragraph\">Kako bi dodatno za\u0161titila dr\u017eavni suverenitet, \u0160ejnbaum predla\u017ee da se u Ustav unese i najstro\u017ee ka\u017enjavanje stranaca ume\u0161anih u proizvodnju, \u0161verc i distribuciju oru\u017eja. Meksiko ve\u0107 dugo zahteva od SAD-a da u\u010dini vi\u0161e u spre\u010davanju priliva ilegalnog oru\u017eja iz ameri\u010dkih prodavnica i fabrika.<\/p>\n\n\n\n<p class=\"wp-block-paragraph\">Stranka Morena i njeni saveznici imaju ve\u0107inu u oba doma Kongresa, \u0161to im omogu\u0107ava da sprovedu ove izmene bez ve\u0107ih prepreka.<\/p>\n\n\n\n<p class=\"wp-block-paragraph\" style=\"font-size:10px\">SOURCE: BETA, <a href=\"https:\/\/chicagodesavanja.us\/en\/\" target=\"_blank\" rel=\"noreferrer noopener\">CHICAGO DESAVANJA<\/a><a href=\"https:\/\/aktuelnosti.us\/\" target=\"_blank\" rel=\"noopener\">,<\/a> PHOTO: PIXABAY<\/p>","protected":false},"excerpt":{"rendered":"<p>Predsednica Meksika Klaudija \u0160ejnbaum najavila je ustavne izmene kako bi se osigurala za\u0161tita suvereniteta zemlje i spre\u010dila bilo kakva strana intervencija, posebno iz SAD-a. Ovaj potez dolazi nakon \u0161to je administracija Donald Trump-a proglasila \u0161est meksi\u010dkih narko-kartela za \u201einostrane teroristi\u010dke organizacije\u201c, \u0161to je u Meksiku izazvalo bojazan od mogu\u0107e ameri\u010dke vojne akcije na njihovoj teritoriji. [&hellip;]<\/p>\n","protected":false},"author":1,"featured_media":0,"comment_status":"","ping_status":"","sticky":false,"template":"","format":"standard","meta":{"wpai_generated_summary":"","footnotes":""},"categories":[431,369],"tags":[10392,34195,404,34196,34197,6455,21825,34198,34199,12149],"class_list":["post-24432","post","type-post","status-publish","format-standard","hentry","category-svet","category-vesti","tag-americko-oruzje","tag-andres-manuel-lopez-obrador","tag-donald-trump","tag-klaudija-sejnbaum","tag-meksicki-kongres","tag-meksiko","tag-narko-karteli","tag-sad-intervencija","tag-suverenitet-meksika","tag-ustav"],"_links":{"self":[{"href":"https:\/\/chicagodesavanja.us\/en\/wp-json\/wp\/v2\/posts\/24432","targetHints":{"allow":["GET"]}}],"collection":[{"href":"https:\/\/chicagodesavanja.us\/en\/wp-json\/wp\/v2\/posts"}],"about":[{"href":"https:\/\/chicagodesavanja.us\/en\/wp-json\/wp\/v2\/types\/post"}],"author":[{"embeddable":true,"href":"https:\/\/chicagodesavanja.us\/en\/wp-json\/wp\/v2\/users\/1"}],"replies":[{"embeddable":true,"href":"https:\/\/chicagodesavanja.us\/en\/wp-json\/wp\/v2\/comments?post=24432"}],"version-history":[{"count":0,"href":"https:\/\/chicagodesavanja.us\/en\/wp-json\/wp\/v2\/posts\/24432\/revisions"}],"wp:attachment":[{"href":"https:\/\/chicagodesavanja.us\/en\/wp-json\/wp\/v2\/media?parent=24432"}],"wp:term":[{"taxonomy":"category","embeddable":true,"href":"https:\/\/chicagodesavanja.us\/en\/wp-json\/wp\/v2\/categories?post=24432"},{"taxonomy":"post_tag","embeddable":true,"href":"https:\/\/chicagodesavanja.us\/en\/wp-json\/wp\/v2\/tags?post=24432"}],"curies":[{"name":"WP","href":"https:\/\/api.w.org\/{rel}","templated":true}]}}