{"id":24349,"date":"2025-03-01T04:10:00","date_gmt":"2025-03-01T04:10:00","guid":{"rendered":"https:\/\/chicagodesavanja.us\/zelenski-nakon-sastanka-u-beloj-kuci-ne-dugujem-izvinjenje-trump-u\/"},"modified":"2025-03-01T04:10:00","modified_gmt":"2025-03-01T04:10:00","slug":"zelenski-nakon-sastanka-u-beloj-kuci-ne-dugujem-izvinjenje-trump-u","status":"publish","type":"post","link":"https:\/\/chicagodesavanja.us\/en\/vesti\/zelenski-nakon-sastanka-u-beloj-kuci-ne-dugujem-izvinjenje-trump-u\/","title":{"rendered":"Zelenski nakon sastanka u Beloj ku\u0107i: Ne dugujem izvinjenje Trump-u"},"content":{"rendered":"<p class=\"wp-block-paragraph\">Ukrajinski predsednik Volodimir Zelenski izjavio je da nije uradio ni\u0161ta lo\u0161e i da ne duguje izvinjenje ameri\u010dkom predsedniku Donald Trump-u nakon napetog sastanka u Ovalnom kabinetu. <\/p>\n\n\n\n<p class=\"wp-block-paragraph\">Ovaj susret, kojem je prisustvovao i potpredsednik SAD J.D. Vance, izazvao je brojne reakcije u ameri\u010dkoj i svetskoj javnosti.<\/p>\n\n\n\n<p class=\"wp-block-paragraph\">Na pitanje novinara Fox News-a da li smatra da se treba izviniti Trump-u, Zelenski je odgovorio kratko: \u201eNe.\u201c Istakao je da po\u0161tuje predsednika SAD i ameri\u010dki narod, ali da ne vidi razlog za izvinjenje. \u201eMoramo biti otvoreni i iskreni. Nisam siguran da smo uradili ne\u0161to lo\u0161e,\u201c rekao je Zelenski.<\/p>\n\n\n\n<p class=\"wp-block-paragraph\">Ameri\u010dki senator Chris Murphy ocenio je da je sastanak bio \u201eplanirana zaseda\u201c s ciljem da se pomogne ruskom predsedniku Vladimiru Putinu i ugrozi ameri\u010dka bezbednost. Zelenski je odgovorio da je susret bio izuzetno te\u017eak, ali da ne smatra da je bilo zavere.<\/p>\n\n\n\n<p class=\"wp-block-paragraph\">Pojedini izvori iz Bele ku\u0107e tvrde da je Trump tokom sastanka vikao na Zelenskog, optu\u017euju\u0107i ga da \u201ekocka sa tre\u0107im svetskim ratom\u201c. Situacija je kulminirala kada je ukrajinski predsednik napustio sastanak, nakon \u010dega je Trump na dru\u0161tvenoj mre\u017ei Truth Social napisao da Zelenski \u201enije spreman za mir\u201c i da bi trebalo da se vrati kada to bude bio slu\u010daj.<\/p>\n\n\n\n<p class=\"wp-block-paragraph\">Zelenski je u intervjuu naglasio da Ukrajina ostaje strate\u0161ki partner SAD i zahvalio ameri\u010dkom narodu, Kongresu i predsedniku Trump-u na pomo\u0107i u borbi protiv ruske invazije. Tako\u0111e je izrazio \u017eelju za \u0161to skorijim okon\u010danjem rata i nagovestio mogu\u0107nost potpisivanja sporazuma sa SAD o ukrajinskim mineralima kao korak ka bezbednosnim garancijama.<\/p>\n\n\n\n<p class=\"wp-block-paragraph\" style=\"font-size:10px\">IZVOR: TANJUG, <a href=\"https:\/\/chicagodesavanja.us\/en\/\" target=\"_blank\" rel=\"noreferrer noopener\">CHICAGO DESAVANJA<\/a><a href=\"https:\/\/aktuelnosti.us\/\" target=\"_blank\" rel=\"noopener\">,<\/a> FOTO: PRINTSCREEN<\/p>","protected":false},"excerpt":{"rendered":"<p>Ukrajinski predsednik Volodimir Zelenski izjavio je da nije uradio ni\u0161ta lo\u0161e i da ne duguje izvinjenje ameri\u010dkom predsedniku Donald Trump-u nakon napetog sastanka u Ovalnom kabinetu. Ovaj susret, kojem je prisustvovao i potpredsednik SAD J.D. Vance, izazvao je brojne reakcije u ameri\u010dkoj i svetskoj javnosti. Na pitanje novinara Fox News-a da li smatra da se [&hellip;]<\/p>\n","protected":false},"author":1,"featured_media":15663,"comment_status":"","ping_status":"","sticky":false,"template":"","format":"standard","meta":{"wpai_generated_summary":"","footnotes":""},"categories":[368,431,369],"tags":[13210,2880,404,909,17502,33915,1739,1037,945,1487],"class_list":["post-24349","post","type-post","status-publish","format-standard","has-post-thumbnail","hentry","category-vesti-amerika","category-svet","category-vesti","tag-americki-kongres","tag-bela-kuca","tag-donald-trump","tag-fox-news","tag-j-d-vance","tag-ruska-invazija","tag-truth-social","tag-ukrajina","tag-vladimir-putin","tag-volodimir-zelenski"],"_links":{"self":[{"href":"https:\/\/chicagodesavanja.us\/en\/wp-json\/wp\/v2\/posts\/24349","targetHints":{"allow":["GET"]}}],"collection":[{"href":"https:\/\/chicagodesavanja.us\/en\/wp-json\/wp\/v2\/posts"}],"about":[{"href":"https:\/\/chicagodesavanja.us\/en\/wp-json\/wp\/v2\/types\/post"}],"author":[{"embeddable":true,"href":"https:\/\/chicagodesavanja.us\/en\/wp-json\/wp\/v2\/users\/1"}],"replies":[{"embeddable":true,"href":"https:\/\/chicagodesavanja.us\/en\/wp-json\/wp\/v2\/comments?post=24349"}],"version-history":[{"count":0,"href":"https:\/\/chicagodesavanja.us\/en\/wp-json\/wp\/v2\/posts\/24349\/revisions"}],"wp:featuredmedia":[{"embeddable":true,"href":"https:\/\/chicagodesavanja.us\/en\/wp-json\/wp\/v2\/media\/15663"}],"wp:attachment":[{"href":"https:\/\/chicagodesavanja.us\/en\/wp-json\/wp\/v2\/media?parent=24349"}],"wp:term":[{"taxonomy":"category","embeddable":true,"href":"https:\/\/chicagodesavanja.us\/en\/wp-json\/wp\/v2\/categories?post=24349"},{"taxonomy":"post_tag","embeddable":true,"href":"https:\/\/chicagodesavanja.us\/en\/wp-json\/wp\/v2\/tags?post=24349"}],"curies":[{"name":"WP","href":"https:\/\/api.w.org\/{rel}","templated":true}]}}