{"id":24318,"date":"2025-03-05T03:20:00","date_gmt":"2025-03-05T03:20:00","guid":{"rendered":"https:\/\/chicagodesavanja.us\/cikago-40-godina-grad-utociste-gradonacelnik-brandon-johnson-brani-politiku-pred-kongresom\/"},"modified":"2025-03-05T03:20:00","modified_gmt":"2025-03-05T03:20:00","slug":"cikago-40-godina-grad-utociste-gradonacelnik-brandon-johnson-brani-politiku-pred-kongresom","status":"publish","type":"post","link":"https:\/\/chicagodesavanja.us\/en\/vesti\/cikago-40-godina-grad-utociste-gradonacelnik-brandon-johnson-brani-politiku-pred-kongresom\/","title":{"rendered":"\u010cikago 40 godina \u201egrad uto\u010di\u0161te\u201c: Gradona\u010delnik Brandon Johnson brani politiku pred Kongresom"},"content":{"rendered":"<p class=\"wp-block-paragraph\">Gradona\u010delnik Brandon Johnson \u0107e ove srede 5. marta u Va\u0161ingtonu svedo\u010diti pred Komitetom za nadzor i reformu vlade SAD-a, koji kontroli\u0161u republikanci, kako bi odbranio status \u010cikaga kao \u201egrada uto\u010di\u0161ta\u201c za migrante.<\/p>\n\n\n\n<h3 class=\"wp-block-heading\" id=\"h-cetiri-decenije-politike-utocista\"><strong>\u010cetiri decenije politike uto\u010di\u0161ta<\/strong><\/h3>\n\n\n\n<p class=\"wp-block-paragraph\">Politika koja spre\u010dava gradske zvani\u010dnike, uklju\u010duju\u0107i policiju, da sara\u0111uju sa federalnim imigracionim vlastima postoji u nekom obliku ve\u0107 40 godina.<\/p>\n\n\n\n<ol start=\"1985\" class=\"wp-block-list\">\n<li>\u2013 Gradona\u010delnik Harold Washington donosi izvr\u0161nu naredbu kojom progla\u0161ava \u010cikago \u201egradom uto\u010di\u0161tem\u201c i zabranjuje policiji da deli podatke o imigracionom statusu sa federalnim vlastima.<\/li>\n\n\n\n<li>\u2013 Richard M. Daley, na prvi dan mandata, pro\u0161iruje ovu politiku.<\/li>\n\n\n\n<li>\u2013 Daley dopu\u0161ta policiji da deli informacije sa federalnim vlastima u slu\u010daju ozbiljnih krivi\u010dnih dela.<\/li>\n\n\n\n<li>\u2013 Gradsko ve\u0107e donosi zakon o \u201edobrodo\u0161lici\u201c, formalizuju\u0107i status grada kao uto\u010di\u0161ta.<\/li>\n\n\n\n<li>\u2013 Rahm Emanuel uvodi izuzetak koji omogu\u0107ava policiji saradnju sa federalnim organima u odre\u0111enim situacijama.<\/li>\n\n\n\n<li>\u2013 Administracija Donalda Trump-a preti da \u0107e uskratiti federalna sredstva \u010cikagu, ali grad ostaje pri svojoj politici.<\/li>\n\n\n\n<li>\u2013 Lori Lightfoot zatvara pravne rupe i zabranjuje svaku saradnju policije sa imigracionim vlastima.<\/li>\n\n\n\n<li>\u2013 Guverner Teksasa Greg Abbott po\u010dinje da \u0161alje migrante u \u010cikago, \u0161to optere\u0107uje gradske resurse.<\/li>\n\n\n\n<li>\u2013 Pojedini odbornici poku\u0161avaju da promene zakon i dozvole saradnju sa ICE slu\u017ebom, ali neuspe\u0161no.<\/li>\n\n\n\n<li>\u2013 Sa povratkom Trump-a u Belu ku\u0107u i poja\u010danim ICE hap\u0161enjima, Johnson brani politiku grada pred Kongresom, poru\u010duju\u0107i: \u201eBez obzira ko je u Beloj ku\u0107i, \u010cikago ostaje grad otvoren za ljude iz celog sveta.\u201c<\/li>\n<\/ol>\n\n\n\n<p class=\"wp-block-paragraph\" style=\"font-size:10px\">SOURCE: <a href=\"https:\/\/wgntv.com\/news\/chicago-news\/chicagos-history-as-a-sanctuary-city-spans-40-years-7-presidents-and-5-mayors\/\" target=\"_blank\" rel=\"noreferrer noopener\">WGNTV<\/a>, PHOTO: PIXABAY<\/p>","protected":false},"excerpt":{"rendered":"<p>Gradona\u010delnik Brandon Johnson \u0107e ove srede 5. marta u Va\u0161ingtonu svedo\u010diti pred Komitetom za nadzor i reformu vlade SAD-a, koji kontroli\u0161u republikanci, kako bi odbranio status \u010cikaga kao \u201egrada uto\u010di\u0161ta\u201c za migrante. \u010cetiri decenije politike uto\u010di\u0161ta Politika koja spre\u010dava gradske zvani\u010dnike, uklju\u010duju\u0107i policiju, da sara\u0111uju sa federalnim imigracionim vlastima postoji u nekom obliku ve\u0107 40 [&hellip;]<\/p>\n","protected":false},"author":1,"featured_media":17677,"comment_status":"","ping_status":"","sticky":false,"template":"","format":"standard","meta":{"footnotes":""},"categories":[368,653,369],"tags":[763,370,404,33822,8881,33823,20639,3419,594,5393,20325,517,549],"class_list":["post-24318","post","type-post","status-publish","format-standard","has-post-thumbnail","hentry","category-vesti-amerika","category-cikago","category-vesti","tag-brandon-johnson","tag-cikago","tag-donald-trump","tag-grad-utociste","tag-greg-abbott","tag-harold-washington","tag-ice-hapsenja","tag-kongres-sad","tag-lori-lightfoot","tag-migranti","tag-rahm-emanuel","tag-republikanci","tag-vasington-2"],"_links":{"self":[{"href":"https:\/\/chicagodesavanja.us\/en\/wp-json\/wp\/v2\/posts\/24318","targetHints":{"allow":["GET"]}}],"collection":[{"href":"https:\/\/chicagodesavanja.us\/en\/wp-json\/wp\/v2\/posts"}],"about":[{"href":"https:\/\/chicagodesavanja.us\/en\/wp-json\/wp\/v2\/types\/post"}],"author":[{"embeddable":true,"href":"https:\/\/chicagodesavanja.us\/en\/wp-json\/wp\/v2\/users\/1"}],"replies":[{"embeddable":true,"href":"https:\/\/chicagodesavanja.us\/en\/wp-json\/wp\/v2\/comments?post=24318"}],"version-history":[{"count":0,"href":"https:\/\/chicagodesavanja.us\/en\/wp-json\/wp\/v2\/posts\/24318\/revisions"}],"wp:featuredmedia":[{"embeddable":true,"href":"https:\/\/chicagodesavanja.us\/en\/wp-json\/wp\/v2\/media\/17677"}],"wp:attachment":[{"href":"https:\/\/chicagodesavanja.us\/en\/wp-json\/wp\/v2\/media?parent=24318"}],"wp:term":[{"taxonomy":"category","embeddable":true,"href":"https:\/\/chicagodesavanja.us\/en\/wp-json\/wp\/v2\/categories?post=24318"},{"taxonomy":"post_tag","embeddable":true,"href":"https:\/\/chicagodesavanja.us\/en\/wp-json\/wp\/v2\/tags?post=24318"}],"curies":[{"name":"WP","href":"https:\/\/api.w.org\/{rel}","templated":true}]}}