{"id":24283,"date":"2025-03-07T04:26:00","date_gmt":"2025-03-07T04:26:00","guid":{"rendered":"https:\/\/chicagodesavanja.us\/nema-vise-rada-od-kuce-u-sad\/"},"modified":"2025-03-07T04:26:00","modified_gmt":"2025-03-07T04:26:00","slug":"nema-vise-rada-od-kuce-u-sad","status":"publish","type":"post","link":"https:\/\/chicagodesavanja.us\/en\/vesti\/nema-vise-rada-od-kuce-u-sad\/","title":{"rendered":"Nema vi\u0161e rada od ku\u0107e u SAD &#8211; Slu\u017ebenici se vratili u neuslovne kancelarije, a neki ih vi\u0161e i nemaju\u00a0"},"content":{"rendered":"<p class=\"wp-block-paragraph\">Ogromni problemi i lan\u010dane posledice \u0161irom SAD ve\u0107 su po\u010deli da se javljaju zbog naredbe Donalda Trump-a, koju je sproveo Elon Musk, o povratku miliona dr\u017eavnih slu\u017ebenika u svoje kancelarije u svim ameri\u010dkim dr\u017eavama, okon\u010davaju\u0107i fleksibilnost u na\u010dinu rada koju je izazvala pandemija kovida 19.<\/p>\n\n\n\n<p class=\"wp-block-paragraph\">Prema izve\u0161taju\u00a0CNN-a,\u00a0mnogi radnici su se vratili u prostore koji nisu bili uslovni za rad. U kancelariji Ministarstva zdravlja\u00a0nije bilo wi-fi-ja, pa \u010dak\u00a0ni potpunog napajanja strujom tokom prvih sati\u00a0rada.<\/p>\n\n\n\n<p class=\"wp-block-paragraph\">U Dalasu, zaposleni u Ministarstvu obrazovanja zatekli su\u00a0eternet kablove nagomilane na podu,\u00a0nasumi\u010dne kablove koji vire iz zidova i svetla sa senzorima pokreta koja nisu ispravno radila, \u0161to je rezultiralo mra\u010dnim radnim prostorima.\u00a0Jedna zaposlena se spotakla o kablove ve\u0107 prvog dana povratka i posekla nogu, te podnela zahtev za od\u0161tetu.<\/p>\n\n\n\n<p class=\"wp-block-paragraph\">Drugi zaposleni u Ministarstvu odbrane, koji se vratio u svoju kancelariju i radi sa osetljivim informacijama,\u00a0sme\u0161ten je u salu za sastanke sa ljudima iz razli\u010ditih timova, zbog \u010dega mora da ih moli da napuste prostoriju kako bi obavio neke pozive. Na kraju je preme\u0161ten u kancelariju,\u00a0ali ona nije imala wi-fi. Od njega je zatra\u017eeno da koristi\u00a0hotspot\u00a0sa svog mobilnog telefona.\u00a0<\/p>\n\n\n\n<p class=\"wp-block-paragraph\">&#8222;Jedina stvar koju mi je povratak u kancelariju doneo je sat vremena vo\u017enje i gubitak produktivnosti&#8220;, izjavio je zaposleni za CNN pod uslovom anonimnosti.<\/p>\n\n\n\n<p class=\"wp-block-paragraph\"><strong>Neki nemaju ni gde da se vrate<\/strong><\/p>\n\n\n\n<p class=\"wp-block-paragraph\">Ovi problemi su se samo pridodali haosu koji vlada me\u0111u zaposlenima u dr\u017eavnoj slu\u017ebi, samo \u0161est nedelja nakon po\u010detka nove Trampove administracije, koja \u017eeli da smanji veli\u010dinu i obim zaposlenih, poveravaju\u0107i veliki deo posla Elonu Masku.<\/p>\n\n\n\n<p class=\"wp-block-paragraph\">Neki koji su pozvani da se vrate u kancelariju nemaju \u010dak ni mesto gde da se vrate. Najmanje dve poslovne zgrade koje koristi Ministarstvo unutra\u0161njih poslova na zapadu SAD-a obave\u0161tene su pro\u0161le nedelje da su njihovi\u00a0zakupi otkazani,\u00a0prema izvoru upu\u0107enom u situaciju &#8211; dok je tre\u0107a kancelarija koja je dom stotinama ljudi, obave\u0161tena da \u0107e njihov ugovor o zakupu iste\u0107i u junu.<\/p>\n\n\n\n<p class=\"wp-block-paragraph\">Prema izvoru CNN-a,\u00a0Uprava za op\u0161te usluge nije koordinisala otkazivanje zakupa i ostavila je zaposlene u nedoumici \u0161ta da rade.<\/p>\n\n\n\n<p class=\"wp-block-paragraph\">Skoro polovina od preko 2,3 miliona saveznih slu\u017ebenika bila je podobna za rad na daljinu, a 10 odsto je bilo na udaljenim pozicijama bez o\u010dekivanja da rade sa posla, prema izve\u0161taju Kancelarije za upravljanje i bud\u017eet iz 2024. godine.\u00a0Mnogi radnici su prestali da rade puno radno vreme u svojim kancelarijama tokom pandemije kovida 19. Me\u0111utim, neki drugi su imali ugovore za rad od ku\u0107e. Sada \u0107e mo\u017eda do\u0107i u situaciju da biraju izme\u0111u radikalne promene, odnosno odlaska na posao ili napu\u0161tanja istog.\u00a0<\/p>\n\n\n\n<p class=\"wp-block-paragraph\">Vi\u0161e od 80 odsto saveznih radnika \u017eivi izvan podru\u010dja Va\u0161ingtona, \u0161to zna\u010di da \u0107e povratak u kancelarije izazvati lan\u010dane posledice \u0161irom zemlje.<\/p>\n\n\n\n<p class=\"wp-block-paragraph\"><strong>Potez da dobrovoljci prvi odu?<\/strong><\/p>\n\n\n\n<p class=\"wp-block-paragraph\">Me\u0111utim, mnogi se pla\u0161e da \u0107e potpuno izgubiti svoje poslove, u vreme kada Donald Tramp \u017eeli da smanji saveznu radnu snagu.<\/p>\n\n\n\n<p class=\"wp-block-paragraph\">Savezni radnici i sindikalni zvani\u010dnici izjavili su za CNN da smatraju da je naredba o povratku deo nastojanja vlade da im \u017eivot u\u010dini neprijatnim, sa ciljem da neki od njih daju ostavku.<\/p>\n\n\n\n<p class=\"wp-block-paragraph\">Istovremeno,\u00a0povratak je izvr\u0161en gotovo bez ikakve pripreme, \u0161to je rezultiralo nedostatkom osnovnih stvari, kao \u0161to su\u00a0kancelarijski materijal, stolovi, internet veza, dok postoji i\u00a0smanjenje bud\u017eeta za sredstva za \u010di\u0161\u0107enje, \u010dak i pre nego \u0161to je nova uprava preuzela du\u017enost.<\/p>\n\n\n\n<p class=\"wp-block-paragraph\" style=\"font-size:10px\">SOURCE: <a href=\"https:\/\/www.euronews.rs\/svet\/fokus\/159950\/surova-realnost-nema-vise-rada-od-kuce-u-sad-sluzbenici-se-vratili-u-neuslovne-kancelarije-a-neki-ih-vise-i-nemaju\/vest\" target=\"_blank\" rel=\"noopener\">EURONEWS <\/a>PHOTO: PIXABAY<\/p>","protected":false},"excerpt":{"rendered":"<p>Ogromni problemi i lan\u010dane posledice \u0161irom SAD ve\u0107 su po\u010deli da se javljaju zbog naredbe Donalda Trump-a, koju je sproveo Elon Musk, o povratku miliona dr\u017eavnih slu\u017ebenika u svoje kancelarije u svim ameri\u010dkim dr\u017eavama, okon\u010davaju\u0107i fleksibilnost u na\u010dinu rada koju je izazvala pandemija kovida 19. Prema izve\u0161taju\u00a0CNN-a,\u00a0mnogi radnici su se vratili u prostore koji nisu [&hellip;]<\/p>\n","protected":false},"author":3,"featured_media":18549,"comment_status":"","ping_status":"","sticky":false,"template":"","format":"standard","meta":{"footnotes":""},"categories":[368,369],"tags":[538,404,1228,33708,33166,568],"class_list":["post-24283","post","type-post","status-publish","format-standard","has-post-thumbnail","hentry","category-vesti-amerika","category-vesti","tag-amerika","tag-donald-trump","tag-elon-musk","tag-povratak-u-kancelarije","tag-rad-od-kuce","tag-sad"],"_links":{"self":[{"href":"https:\/\/chicagodesavanja.us\/en\/wp-json\/wp\/v2\/posts\/24283","targetHints":{"allow":["GET"]}}],"collection":[{"href":"https:\/\/chicagodesavanja.us\/en\/wp-json\/wp\/v2\/posts"}],"about":[{"href":"https:\/\/chicagodesavanja.us\/en\/wp-json\/wp\/v2\/types\/post"}],"author":[{"embeddable":true,"href":"https:\/\/chicagodesavanja.us\/en\/wp-json\/wp\/v2\/users\/3"}],"replies":[{"embeddable":true,"href":"https:\/\/chicagodesavanja.us\/en\/wp-json\/wp\/v2\/comments?post=24283"}],"version-history":[{"count":0,"href":"https:\/\/chicagodesavanja.us\/en\/wp-json\/wp\/v2\/posts\/24283\/revisions"}],"wp:featuredmedia":[{"embeddable":true,"href":"https:\/\/chicagodesavanja.us\/en\/wp-json\/wp\/v2\/media\/18549"}],"wp:attachment":[{"href":"https:\/\/chicagodesavanja.us\/en\/wp-json\/wp\/v2\/media?parent=24283"}],"wp:term":[{"taxonomy":"category","embeddable":true,"href":"https:\/\/chicagodesavanja.us\/en\/wp-json\/wp\/v2\/categories?post=24283"},{"taxonomy":"post_tag","embeddable":true,"href":"https:\/\/chicagodesavanja.us\/en\/wp-json\/wp\/v2\/tags?post=24283"}],"curies":[{"name":"WP","href":"https:\/\/api.w.org\/{rel}","templated":true}]}}