{"id":23967,"date":"2025-04-09T03:19:00","date_gmt":"2025-04-09T03:19:00","guid":{"rendered":"https:\/\/chicagodesavanja.us\/musk-apelovao-na-americkog-predsednika-da-povuce-odluku-o-carinama\/"},"modified":"2025-04-09T03:19:00","modified_gmt":"2025-04-09T03:19:00","slug":"musk-apelovao-na-americkog-predsednika-da-povuce-odluku-o-carinama","status":"publish","type":"post","link":"https:\/\/chicagodesavanja.us\/en\/vesti\/musk-apelovao-na-americkog-predsednika-da-povuce-odluku-o-carinama\/","title":{"rendered":"Washington Post: Musk apelovao na Trump-a da povu\u010de odluku o uvo\u0111enju carina"},"content":{"rendered":"<p class=\"wp-block-paragraph\">Ameri\u010dki milijarder i izvr\u0161ni direktor kompanije Tesla Elon Musk apelovao je na predsednika SAD Donald-a Trump-a da povu\u010de odluku o uvo\u0111enju novih carina, objavio je Washington Post.<\/p>\n\n\n\n<p class=\"wp-block-paragraph\">Musk-ov apel, kako navodi Reuters, nije bio uspe\u0161an.<\/p>\n\n\n\n<p class=\"wp-block-paragraph\">Ovaj razgovor Musk-a i Trump-a predstavlja najve\u0107i do sada nesporazum izme\u0111u predsednika i Musk-a, zna\u010dajnog saradnika u ameri\u010dkoj administraciji, navodi Reuters.<\/p>\n\n\n\n<p class=\"wp-block-paragraph\">Musk je apelovao na Trump-a nakon \u0161to je predsednik SAD objavio da se uvode osnovne carine od 10 odsto na svu robu koja se uvozi u SAD, kao i dodatne, ve\u0107e carine za vi\u0161e desetina zemalja.<\/p>\n\n\n\n<p class=\"wp-block-paragraph\">Ni Bela ku\u0107a, a ni Musk nisu odgovorili na upit Reuters-a da prokomentari\u0161u ove navode.<\/p>\n\n\n\n<p class=\"wp-block-paragraph\">Musk, Trump-ov savetnik zadu\u017een za Odeljenje za efikasnost vlade \u010diji je cilj smanjenje dr\u017eavnih tro\u0161kova, pozvao je na uspostavljanje nultih carinskih stopa izme\u0111u SAD i Evrope.<\/p>\n\n\n\n<p class=\"wp-block-paragraph\" style=\"font-size:10px\">SOURCE: <a href=\"https:\/\/www.euronews.rs\/svet\/planeta\/164375\/sukob-maska-i-trampa-zbog-novih-carina-sad\/vest\" target=\"_blank\" rel=\"noopener\">EURONEWS<\/a> PHOTO: YOUTUBE SCREENSHOT<\/p>","protected":false},"excerpt":{"rendered":"<p>Ameri\u010dki milijarder i izvr\u0161ni direktor kompanije Tesla Elon Musk apelovao je na predsednika SAD Donald-a Trump-a da povu\u010de odluku o uvo\u0111enju novih carina, objavio je Washington Post. Musk-ov apel, kako navodi Reuters, nije bio uspe\u0161an. Ovaj razgovor Musk-a i Trump-a predstavlja najve\u0107i do sada nesporazum izme\u0111u predsednika i Musk-a, zna\u010dajnog saradnika u ameri\u010dkoj administraciji, navodi [&hellip;]<\/p>\n","protected":false},"author":3,"featured_media":16495,"comment_status":"","ping_status":"","sticky":false,"template":"","format":"standard","meta":{"wpai_generated_summary":"","footnotes":""},"categories":[368,369],"tags":[538,2285,404,1228,32564,3037],"class_list":["post-23967","post","type-post","status-publish","format-standard","has-post-thumbnail","hentry","category-vesti-amerika","category-vesti","tag-amerika","tag-carine","tag-donald-trump","tag-elon-musk","tag-odeljenje-za-efikasnost-vlade","tag-tarife"],"_links":{"self":[{"href":"https:\/\/chicagodesavanja.us\/en\/wp-json\/wp\/v2\/posts\/23967","targetHints":{"allow":["GET"]}}],"collection":[{"href":"https:\/\/chicagodesavanja.us\/en\/wp-json\/wp\/v2\/posts"}],"about":[{"href":"https:\/\/chicagodesavanja.us\/en\/wp-json\/wp\/v2\/types\/post"}],"author":[{"embeddable":true,"href":"https:\/\/chicagodesavanja.us\/en\/wp-json\/wp\/v2\/users\/3"}],"replies":[{"embeddable":true,"href":"https:\/\/chicagodesavanja.us\/en\/wp-json\/wp\/v2\/comments?post=23967"}],"version-history":[{"count":0,"href":"https:\/\/chicagodesavanja.us\/en\/wp-json\/wp\/v2\/posts\/23967\/revisions"}],"wp:featuredmedia":[{"embeddable":true,"href":"https:\/\/chicagodesavanja.us\/en\/wp-json\/wp\/v2\/media\/16495"}],"wp:attachment":[{"href":"https:\/\/chicagodesavanja.us\/en\/wp-json\/wp\/v2\/media?parent=23967"}],"wp:term":[{"taxonomy":"category","embeddable":true,"href":"https:\/\/chicagodesavanja.us\/en\/wp-json\/wp\/v2\/categories?post=23967"},{"taxonomy":"post_tag","embeddable":true,"href":"https:\/\/chicagodesavanja.us\/en\/wp-json\/wp\/v2\/tags?post=23967"}],"curies":[{"name":"WP","href":"https:\/\/api.w.org\/{rel}","templated":true}]}}