{"id":23951,"date":"2025-04-10T03:40:00","date_gmt":"2025-04-10T03:40:00","guid":{"rendered":"https:\/\/chicagodesavanja.us\/trump-je-ap-nazvao-grupom-radikalnih-levih-ludaka\/"},"modified":"2025-04-10T03:40:00","modified_gmt":"2025-04-10T03:40:00","slug":"trump-je-ap-nazvao-grupom-radikalnih-levih-ludaka","status":"publish","type":"post","link":"https:\/\/chicagodesavanja.us\/en\/vesti\/trump-je-ap-nazvao-grupom-radikalnih-levih-ludaka\/","title":{"rendered":"Agencija AP na sudu dobila pravo da ponovo izve\u0161tava iz Bele ku\u0107e"},"content":{"rendered":"<p class=\"wp-block-paragraph\">Savezni sudija SAD je naredio Beloj ku\u0107i da agenciji vesti AP vrati potpuni pristup predsedni\u010dkim aktivnostima, potvr\u0111uju\u0107i na osnovu Prvog amandmana Ustava SAD, o slobodi govora, da dr\u017eava ne mo\u017ee da kazni neku novinsku organizaciju zbog sadr\u017eaja njenog izve\u0161tavanja.<\/p>\n\n\n\n<p class=\"wp-block-paragraph\">Predstavnici Aso\u0161ijeted presa su krajem marta tra\u017eili od saveznog suda SAD da naredi administraciji predsednika Donalda Trump-a da joj vrati pun pristup Beloj ku\u0107i, koja joj ga je oduzela polovinom februara jer je AP odbila da Meksi\u010dki zaliv naziva \u201eAmeri\u010dkim\u201c kako je naredio Trump.<\/p>\n\n\n\n<p class=\"wp-block-paragraph\">Ameri\u010dki okru\u017eni sudija Trevor N. Mekfaden, iako ga je postavio Trump, presudio je da dr\u017eava ne mo\u017ee da kazni AP zbog toga \u0161to ne po\u0161tuje izvr\u0161nu naredbu predsednika o promeni naziva Meksi\u010dkog zaliva.<\/p>\n\n\n\n<p class=\"wp-block-paragraph\">Ova odluka, iako nije kona\u010dna, \u201edonela je AP-u veliku pobedu u vreme kada Bela ku\u0107a napada novinare\u201c, pi\u0161e uprava te agencije.<\/p>\n\n\n\n<p class=\"wp-block-paragraph\">Ne zna se da li \u0107e Bela ku\u0107a sprovesti presudu, a u utorak, 8. aprila reporteru i fotografu AP-a nije dopu\u0161teno da u\u0111u kako bi pratili jedan govor Trump-a.<\/p>\n\n\n\n<p class=\"wp-block-paragraph\">Trump je krenuo agresivno protiv medija na nekoliko frontova otkako je ponovo preuzeo du\u017enost.<\/p>\n\n\n\n<p class=\"wp-block-paragraph\">On je AP, osnovan 1846, nazvao \u201egrupom radikalnih levih ludaka\u201c i rekao da \u0107e ih \u201edr\u017eati podalje dok ne prihvate naziv Ameri\u010dki zaliv\u201c za zaliv koji se vekovima naziva Meksi\u010dkim.<\/p>\n\n\n\n<p class=\"wp-block-paragraph\">Federalna komisija za komunikacije vodi sudske postupke protiv televizija ABC, CBS i NBC News. Administracija je poku\u0161ala da prekine finansiranje vladinih novinskih servisa kao \u0161to je Glas Amerike i preti ukidanjem finansiranja javnih emitera PBS i NPR jer su navodno previ\u0161e liberalni.<\/p>\n\n\n\n<p class=\"wp-block-paragraph\" style=\"font-size:10px\">SOURCE: <a href=\"https:\/\/n1info.rs\/svet\/agencija-ap-na-sudu-dobila-pravo-da-ponovo-izvestava-iz-bele-kuce\/\" target=\"_blank\" rel=\"noopener\">N1<\/a> PHOTO: PIXABAY<\/p>","protected":false},"excerpt":{"rendered":"<p>Savezni sudija SAD je naredio Beloj ku\u0107i da agenciji vesti AP vrati potpuni pristup predsedni\u010dkim aktivnostima, potvr\u0111uju\u0107i na osnovu Prvog amandmana Ustava SAD, o slobodi govora, da dr\u017eava ne mo\u017ee da kazni neku novinsku organizaciju zbog sadr\u017eaja njenog izve\u0161tavanja. Predstavnici Aso\u0161ijeted presa su krajem marta tra\u017eili od saveznog suda SAD da naredi administraciji predsednika Donalda [&hellip;]<\/p>\n","protected":false},"author":3,"featured_media":17323,"comment_status":"","ping_status":"","sticky":false,"template":"","format":"standard","meta":{"wpai_generated_summary":"","footnotes":""},"categories":[368,369],"tags":[538,32486,3492,2880,32487,12146,568,32488],"class_list":["post-23951","post","type-post","status-publish","format-standard","has-post-thumbnail","hentry","category-vesti-amerika","category-vesti","tag-amerika","tag-ap","tag-associated-press","tag-bela-kuca","tag-izvestavanje-iz-bele-kuce","tag-prvi-amandman","tag-sad","tag-ustav-amerike"],"_links":{"self":[{"href":"https:\/\/chicagodesavanja.us\/en\/wp-json\/wp\/v2\/posts\/23951","targetHints":{"allow":["GET"]}}],"collection":[{"href":"https:\/\/chicagodesavanja.us\/en\/wp-json\/wp\/v2\/posts"}],"about":[{"href":"https:\/\/chicagodesavanja.us\/en\/wp-json\/wp\/v2\/types\/post"}],"author":[{"embeddable":true,"href":"https:\/\/chicagodesavanja.us\/en\/wp-json\/wp\/v2\/users\/3"}],"replies":[{"embeddable":true,"href":"https:\/\/chicagodesavanja.us\/en\/wp-json\/wp\/v2\/comments?post=23951"}],"version-history":[{"count":0,"href":"https:\/\/chicagodesavanja.us\/en\/wp-json\/wp\/v2\/posts\/23951\/revisions"}],"wp:featuredmedia":[{"embeddable":true,"href":"https:\/\/chicagodesavanja.us\/en\/wp-json\/wp\/v2\/media\/17323"}],"wp:attachment":[{"href":"https:\/\/chicagodesavanja.us\/en\/wp-json\/wp\/v2\/media?parent=23951"}],"wp:term":[{"taxonomy":"category","embeddable":true,"href":"https:\/\/chicagodesavanja.us\/en\/wp-json\/wp\/v2\/categories?post=23951"},{"taxonomy":"post_tag","embeddable":true,"href":"https:\/\/chicagodesavanja.us\/en\/wp-json\/wp\/v2\/tags?post=23951"}],"curies":[{"name":"WP","href":"https:\/\/api.w.org\/{rel}","templated":true}]}}