{"id":23933,"date":"2025-04-12T03:40:00","date_gmt":"2025-04-12T03:40:00","guid":{"rendered":"https:\/\/chicagodesavanja.us\/brandon-johnson-odgovorio-na-trump-ovu-pretnju-necemo-se-povuci\/"},"modified":"2025-04-12T03:40:00","modified_gmt":"2025-04-12T03:40:00","slug":"brandon-johnson-odgovorio-na-trump-ovu-pretnju-necemo-se-povuci","status":"publish","type":"post","link":"https:\/\/chicagodesavanja.us\/en\/vesti\/brandon-johnson-odgovorio-na-trump-ovu-pretnju-necemo-se-povuci\/","title":{"rendered":"Brandon Johnson odgovorio na Trump-ovu pretnju: \u201eNe\u0107emo se povu\u0107i\u201d"},"content":{"rendered":"<p class=\"wp-block-paragraph\">Gradona\u010delnik \u010cikaga Brandon Johnson poru\u010dio je da njegova administracija ne\u0107e dozvoliti da gra\u0111ani budu \u017ertve eventualnog ukidanja federalne pomo\u0107i, koje je najavio predsednik Donald Trump zbog statusa \u010cikaga kao \u201esanctuary city\u201c \u2013 grada koji \u0161titi imigrante. <\/p>\n\n\n\n<p class=\"wp-block-paragraph\">Johnson je naglasio da grad po\u0161tuje sve savezne i dr\u017eavne zakone, te da bi poku\u0161aji da se ukine oko $3.5 milijardi pomo\u0107i bili neustavni.<\/p>\n\n\n\n<p class=\"wp-block-paragraph\">Trump je preko Truth Social platforme poru\u010dio da radi na ukidanju federalnog finansiranja za gradove koji pru\u017eaju uto\u010di\u0161te imigrantima, nazivaju\u0107i ih \u201ezamkama smrti\u201c. Johnson je odgovorio da ne\u0107e dozvoliti da pretnje uti\u010du na grad: \u201eNe\u0107emo biti zastra\u0161eni. Suo\u010di\u0107emo se sa tim.\u201c<\/p>\n\n\n\n<p class=\"wp-block-paragraph\">Grad \u010cikago trenutno koristi $2.72 milijarde u federalnim fondovima, dok javne \u0161kole dobijaju $1.3 milijarde, a pro\u0161irenje crvene linije metroa o\u010dekuje dodatnih $1.9 milijardi. Johnson, guverner JB Pritzker i predsednica okruga Cook Toni Preckwinkle ve\u0107 su predmet tu\u017ebe administracije zbog imigracione politike.<\/p>\n\n\n\n<p class=\"wp-block-paragraph\">Preckwinkle je poru\u010dila da \u0107e se boriti protiv novih napada iz Bele ku\u0107e. \u201eOvo su politi\u010dki motivisani napadi kakve nijedan predsednik pre nije sprovodio,\u201c rekla je. <\/p>\n\n\n\n<p class=\"wp-block-paragraph\">U me\u0111uvremenu, republikanski kongresmen James Comer pozvao je Pritzker-a da 15. maja svedo\u010di pred Kongresom o \u201eopstrukciji savezne imigracione politike\u201c.<\/p>\n\n\n\n<p class=\"wp-block-paragraph\">Uprkos pravnim izazovima, Brandon Johnson nastoji da u\u010dvrsti svoju poziciju kao protivte\u017ea Trump-u, uz poruku da grad ne\u0107e odustati od svojih vrednosti i za\u0161tite svih svojih stanovnika, bez obzira na njihov imigracioni status.<\/p>\n\n\n\n<p class=\"wp-block-paragraph\" style=\"font-size:10px\">SOURCE: <a href=\"https:\/\/www.chicagotribune.com\/2025\/04\/10\/mayor-brandon-johnson-trump-threat-sanctuary-cities\/\" target=\"_blank\" rel=\"noreferrer noopener\">CHICAGO TRIBUNE<\/a><a href=\"https:\/\/aktuelnosti.us\/\" target=\"_blank\" rel=\"noopener\">,<\/a> <a href=\"https:\/\/chicagodesavanja.us\/en\/\" target=\"_blank\" rel=\"noreferrer noopener\">CHICAGO DESAVANJA,<\/a> FOTO: PRINTSCREEN<\/p>","protected":false},"excerpt":{"rendered":"<p>Gradona\u010delnik \u010cikaga Brandon Johnson poru\u010dio je da njegova administracija ne\u0107e dozvoliti da gra\u0111ani budu \u017ertve eventualnog ukidanja federalne pomo\u0107i, koje je najavio predsednik Donald Trump zbog statusa \u010cikaga kao \u201esanctuary city\u201c \u2013 grada koji \u0161titi imigrante. Johnson je naglasio da grad po\u0161tuje sve savezne i dr\u017eavne zakone, te da bi poku\u0161aji da se ukine oko [&hellip;]<\/p>\n","protected":false},"author":1,"featured_media":17614,"comment_status":"","ping_status":"","sticky":false,"template":"","format":"standard","meta":{"wpai_generated_summary":"","footnotes":""},"categories":[368,653,369],"tags":[763,457,370,32361,32362,404,11363,14374,3882,3984,30753,5219,971,2885,32363,517,32364,7593,1739,800],"class_list":["post-23933","post","type-post","status-publish","format-standard","has-post-thumbnail","hentry","category-vesti-amerika","category-cikago","category-vesti","tag-brandon-johnson","tag-chicago","tag-cikago","tag-cta-red-line","tag-demokratski-gradonacelnik","tag-donald-trump","tag-federalna-pomoc","tag-gradski-budzet","tag-imigraciona-politika","tag-imigranti","tag-james-comer","tag-javne-skole","tag-jb-pritzker","tag-kongres","tag-politicka-pretnja","tag-republikanci","tag-sanctuary-city","tag-toni-preckwinkle","tag-truth-social","tag-zakon"],"_links":{"self":[{"href":"https:\/\/chicagodesavanja.us\/en\/wp-json\/wp\/v2\/posts\/23933","targetHints":{"allow":["GET"]}}],"collection":[{"href":"https:\/\/chicagodesavanja.us\/en\/wp-json\/wp\/v2\/posts"}],"about":[{"href":"https:\/\/chicagodesavanja.us\/en\/wp-json\/wp\/v2\/types\/post"}],"author":[{"embeddable":true,"href":"https:\/\/chicagodesavanja.us\/en\/wp-json\/wp\/v2\/users\/1"}],"replies":[{"embeddable":true,"href":"https:\/\/chicagodesavanja.us\/en\/wp-json\/wp\/v2\/comments?post=23933"}],"version-history":[{"count":0,"href":"https:\/\/chicagodesavanja.us\/en\/wp-json\/wp\/v2\/posts\/23933\/revisions"}],"wp:featuredmedia":[{"embeddable":true,"href":"https:\/\/chicagodesavanja.us\/en\/wp-json\/wp\/v2\/media\/17614"}],"wp:attachment":[{"href":"https:\/\/chicagodesavanja.us\/en\/wp-json\/wp\/v2\/media?parent=23933"}],"wp:term":[{"taxonomy":"category","embeddable":true,"href":"https:\/\/chicagodesavanja.us\/en\/wp-json\/wp\/v2\/categories?post=23933"},{"taxonomy":"post_tag","embeddable":true,"href":"https:\/\/chicagodesavanja.us\/en\/wp-json\/wp\/v2\/tags?post=23933"}],"curies":[{"name":"WP","href":"https:\/\/api.w.org\/{rel}","templated":true}]}}