{"id":23834,"date":"2025-04-22T03:00:00","date_gmt":"2025-04-22T03:00:00","guid":{"rendered":"https:\/\/chicagodesavanja.us\/cikago-pred-budzetskom-krizom-grad-ceka-deficit-od-milijardu-dolara-u-2026-godini\/"},"modified":"2025-04-22T03:00:00","modified_gmt":"2025-04-22T03:00:00","slug":"cikago-pred-budzetskom-krizom-grad-ceka-deficit-od-milijardu-dolara-u-2026-godini","status":"publish","type":"post","link":"https:\/\/chicagodesavanja.us\/en\/vesti\/cikago-pred-budzetskom-krizom-grad-ceka-deficit-od-milijardu-dolara-u-2026-godini\/","title":{"rendered":"Chicago facing a budget crisis: The city expects a $1 billion deficit in 2026"},"content":{"rendered":"<p class=\"wp-block-paragraph\">Gradona\u010delnik \u010cikaga Brandon Johnson upozorio je da se grad suo\u010dava s ozbiljnim finansijskim izazovima, s predvi\u0111enim bud\u017eetskim deficitom od \u010dak $1,12 milijardi u fiskalnoj 2026. godini, a u 2027. ta brojka bi mogla porasti na $1,32 milijarde. <\/p>\n\n\n\n<p class=\"wp-block-paragraph\">Glavni razlozi za ovu situaciju su rastu\u0107i tro\u0161kovi za zaposlene, penzije i ugovorne obaveze, kao i mogu\u0107e smanjenje federalnog finansiranja pod administracijom Trump-a.<\/p>\n\n\n\n<p class=\"wp-block-paragraph\">Kako bi odgovorio na ovu krizu, Johnson je potpisao izvr\u0161nu naredbu kojom se formira radna grupa sa zadatkom da predlo\u017ei mere za smanjenje deficita. U grupi \u0107e se na\u0107i predstavnici poslovnog sektora, nevladinih organizacija, sindikata i Gradskog ve\u0107a. Kancelarija za bud\u017eet \u0107e paralelno sprovesti detaljnu analizu gradskih operacija i programa.<\/p>\n\n\n\n<p class=\"wp-block-paragraph\">&#8222;Moramo prona\u0107i na\u010dine za u\u0161tede, ali i prilike za unapre\u0111enje usluga i efikasniji rad. Suo\u010deni smo sa situacijom u kojoj moramo posti\u0107i vi\u0161e s manje resursa,&#8220; izjavio je Johnson.<\/p>\n\n\n\n<p class=\"wp-block-paragraph\">Podse\u0107anja radi, bud\u017eet za 2025. usvojen je tesnom ve\u0107inom od 27 prema 23 glasa, samo dve nedelje pre kraja godine, nakon intenzivne javne rasprave i kritika. Plan je uklju\u010divao pove\u0107anje poreza, kazni i naknada, kao i smanjenje tro\u0161kova.<\/p>\n\n\n\n<p class=\"wp-block-paragraph\">Ralph Martire iz Centra za poreznu i bud\u017eetsku odgovornost istakao je da se strukturni deficit akumulirao decenijama i da ova inicijativa predstavlja va\u017ean korak ka re\u0161avanju problema.<\/p>\n\n\n\n<p class=\"wp-block-paragraph\">Preliminarni izve\u0161taj radne grupe o\u010dekuje se do 31. avgusta 2025, dok je kona\u010dni plan najavljen za 31. maj 2026.<\/p>\n\n\n\n<p class=\"wp-block-paragraph\" style=\"font-size:10px\">SOURCE: <a href=\"https:\/\/www.nbcchicago.com\/news\/local\/chicago-politics\/our-city-is-truly-at-crossroads-chicago-faces-billion-dollar-budget-gap-2026\/3726918\/\" target=\"_blank\" rel=\"noreferrer noopener\">NBC CHICAGO<\/a>, PHOTO: PRINTSCREEN<\/p>","protected":false},"excerpt":{"rendered":"<p>Gradona\u010delnik \u010cikaga Brandon Johnson upozorio je da se grad suo\u010dava s ozbiljnim finansijskim izazovima, s predvi\u0111enim bud\u017eetskim deficitom od \u010dak $1,12 milijardi u fiskalnoj 2026. godini, a u 2027. ta brojka bi mogla porasti na $1,32 milijarde. Glavni razlozi za ovu situaciju su rastu\u0107i tro\u0161kovi za zaposlene, penzije i ugovorne obaveze, kao i mogu\u0107e smanjenje [&hellip;]<\/p>\n","protected":false},"author":1,"featured_media":17706,"comment_status":"","ping_status":"","sticky":false,"template":"","format":"standard","meta":{"wpai_generated_summary":"","footnotes":""},"categories":[368,653,369],"tags":[10183,763,4764,31717,9476,11157,370,28429,8137,12085,4809,31718,24235,2761],"class_list":["post-23834","post","type-post","status-publish","format-standard","has-post-thumbnail","hentry","category-vesti-amerika","category-cikago","category-vesti","tag-1-milijarda","tag-brandon-johnson","tag-budzet-cikaga","tag-budzetske-reforme","tag-budzetski-deficit","tag-chicago-city-council","tag-cikago","tag-fiskalna-kriza","tag-gradonacelnik-cikaga","tag-izvrsna-naredba","tag-porezi","tag-radna-grupa","tag-ralph-martire","tag-trump"],"_links":{"self":[{"href":"https:\/\/chicagodesavanja.us\/en\/wp-json\/wp\/v2\/posts\/23834","targetHints":{"allow":["GET"]}}],"collection":[{"href":"https:\/\/chicagodesavanja.us\/en\/wp-json\/wp\/v2\/posts"}],"about":[{"href":"https:\/\/chicagodesavanja.us\/en\/wp-json\/wp\/v2\/types\/post"}],"author":[{"embeddable":true,"href":"https:\/\/chicagodesavanja.us\/en\/wp-json\/wp\/v2\/users\/1"}],"replies":[{"embeddable":true,"href":"https:\/\/chicagodesavanja.us\/en\/wp-json\/wp\/v2\/comments?post=23834"}],"version-history":[{"count":0,"href":"https:\/\/chicagodesavanja.us\/en\/wp-json\/wp\/v2\/posts\/23834\/revisions"}],"wp:featuredmedia":[{"embeddable":true,"href":"https:\/\/chicagodesavanja.us\/en\/wp-json\/wp\/v2\/media\/17706"}],"wp:attachment":[{"href":"https:\/\/chicagodesavanja.us\/en\/wp-json\/wp\/v2\/media?parent=23834"}],"wp:term":[{"taxonomy":"category","embeddable":true,"href":"https:\/\/chicagodesavanja.us\/en\/wp-json\/wp\/v2\/categories?post=23834"},{"taxonomy":"post_tag","embeddable":true,"href":"https:\/\/chicagodesavanja.us\/en\/wp-json\/wp\/v2\/tags?post=23834"}],"curies":[{"name":"WP","href":"https:\/\/api.w.org\/{rel}","templated":true}]}}