{"id":23512,"date":"2025-05-21T03:05:00","date_gmt":"2025-05-21T03:05:00","guid":{"rendered":"https:\/\/chicagodesavanja.us\/brandon-johnson-napao-trump-a-neka-oni-objasne-svoju-diskriminaciju-a-ne-mi\/"},"modified":"2025-05-21T03:05:00","modified_gmt":"2025-05-21T03:05:00","slug":"brandon-johnson-napao-trump-a-neka-oni-objasne-svoju-diskriminaciju-a-ne-mi","status":"publish","type":"post","link":"https:\/\/chicagodesavanja.us\/en\/vesti\/brandon-johnson-napao-trump-a-neka-oni-objasne-svoju-diskriminaciju-a-ne-mi\/","title":{"rendered":"Brandon Johnson napao Trump-a: \u201eNeka oni objasne svoju diskriminaciju, a ne mi\u201c"},"content":{"rendered":"<p class=\"wp-block-paragraph\">Gradona\u010delnik \u010cikaga Brandon Johnson na\u0161ao se pod udarom Ministarstva pravde Sjedinjenih Ameri\u010dkih Dr\u017eava, koje je pokrenulo istragu protiv grada zbog navodne rasne diskriminacije prilikom zapo\u0161ljavanja u gradskoj upravi. <\/p>\n\n\n\n<p class=\"wp-block-paragraph\">Umesto da se povu\u010de, Johnson je uzvratio napadom \u2013 tra\u017ee\u0107i da Ministarstvo pravde (Department of Justice \u2013 DOJ) ispita prakse zapo\u0161ljavanja Trump-ove administracije.<\/p>\n\n\n\n<p class=\"wp-block-paragraph\">Povod za istragu bila je Johnson-ova izjava tokom gostovanja u crkvi Apostolic Church of God, kada je naveo da afroamerikanci \u010dine 34% njegove administracije, belci 30%, a Latinoamerikanci 24%. Ve\u0107 narednog dana, pomo\u0107nica ameri\u010dkog dr\u017eavnog tu\u017eioca Harmeet K. Dhillon saop\u0161tila je da postoji osnovana sumnja da je Johnson zaposlene birao isklju\u010divo na osnovu rase, \u0161to je potencijalno kr\u0161enje Zakona o gra\u0111anskim pravima iz 1964. godine.<\/p>\n\n\n\n<p class=\"wp-block-paragraph\">Johnson se, me\u0111utim, ne sla\u017ee: \u201eMoja administracija odra\u017eava raznolikost \u010cikaga. Njihova administracija odra\u017eava privatni klub za bogate,\u201c izjavio je. On je optu\u017eio Trump-a da vodi rat protiv raznolikosti i da poku\u0161ava da ukine sve programe za jednakost u \u0161kolama, dr\u017eavnim institucijama i kompanijama.<\/p>\n\n\n\n<p class=\"wp-block-paragraph\">Gradona\u010delnik isti\u010de da je snaga \u010cikaga upravo u njegovoj raznolikosti i da ne\u0107e dozvoliti da grad bude zastra\u0161en. DOJ u ovakvim slu\u010dajevima retko podi\u017ee optu\u017enice, ali mo\u017ee tra\u017eiti dogovor o reformama, kao \u0161to to ve\u0107 radi s Policijom \u010cikaga.<\/p>\n\n\n\n<p class=\"wp-block-paragraph\" style=\"font-size:10px\">SOURCE: <a href=\"https:\/\/www.nbcchicago.com\/news\/local\/defiant-chicago-mayor-calls-for-investigation-into-trump-administration-hiring\/3750328\/\" target=\"_blank\" rel=\"noreferrer noopener\">NBC CHICAGO<\/a>, PHOTO: PRINTSCREEN<\/p>","protected":false},"excerpt":{"rendered":"<p>Gradona\u010delnik \u010cikaga Brandon Johnson na\u0161ao se pod udarom Ministarstva pravde Sjedinjenih Ameri\u010dkih Dr\u017eava, koje je pokrenulo istragu protiv grada zbog navodne rasne diskriminacije prilikom zapo\u0161ljavanja u gradskoj upravi. Umesto da se povu\u010de, Johnson je uzvratio napadom \u2013 tra\u017ee\u0107i da Ministarstvo pravde (Department of Justice \u2013 DOJ) ispita prakse zapo\u0161ljavanja Trump-ove administracije. Povod za istragu bila [&hellip;]<\/p>\n","protected":false},"author":1,"featured_media":17026,"comment_status":"","ping_status":"","sticky":false,"template":"","format":"standard","meta":{"footnotes":""},"categories":[368,653,369],"tags":[763,29859,1232,370,13410,12038,29860,3289,29861,29862,7262,29863,11953],"class_list":["post-23512","post","type-post","status-publish","format-standard","has-post-thumbnail","hentry","category-vesti-amerika","category-cikago","category-vesti","tag-brandon-johnson","tag-chicago-gradonacelnik","tag-chicago-vesti","tag-cikago","tag-doj","tag-gradanska-prava","tag-harmeet-dhillon","tag-ministarstvo-pravde-sad","tag-rasna-diskriminacija","tag-raznolikost","tag-trump-administracija","tag-woke-politika","tag-zaposljavanje"],"_links":{"self":[{"href":"https:\/\/chicagodesavanja.us\/en\/wp-json\/wp\/v2\/posts\/23512","targetHints":{"allow":["GET"]}}],"collection":[{"href":"https:\/\/chicagodesavanja.us\/en\/wp-json\/wp\/v2\/posts"}],"about":[{"href":"https:\/\/chicagodesavanja.us\/en\/wp-json\/wp\/v2\/types\/post"}],"author":[{"embeddable":true,"href":"https:\/\/chicagodesavanja.us\/en\/wp-json\/wp\/v2\/users\/1"}],"replies":[{"embeddable":true,"href":"https:\/\/chicagodesavanja.us\/en\/wp-json\/wp\/v2\/comments?post=23512"}],"version-history":[{"count":0,"href":"https:\/\/chicagodesavanja.us\/en\/wp-json\/wp\/v2\/posts\/23512\/revisions"}],"wp:featuredmedia":[{"embeddable":true,"href":"https:\/\/chicagodesavanja.us\/en\/wp-json\/wp\/v2\/media\/17026"}],"wp:attachment":[{"href":"https:\/\/chicagodesavanja.us\/en\/wp-json\/wp\/v2\/media?parent=23512"}],"wp:term":[{"taxonomy":"category","embeddable":true,"href":"https:\/\/chicagodesavanja.us\/en\/wp-json\/wp\/v2\/categories?post=23512"},{"taxonomy":"post_tag","embeddable":true,"href":"https:\/\/chicagodesavanja.us\/en\/wp-json\/wp\/v2\/tags?post=23512"}],"curies":[{"name":"WP","href":"https:\/\/api.w.org\/{rel}","templated":true}]}}