{"id":23460,"date":"2025-05-26T03:05:00","date_gmt":"2025-05-26T03:05:00","guid":{"rendered":"https:\/\/chicagodesavanja.us\/imali-smo-veoma-dobar-odnos-nesto-mu-se-dogodilo-potpuno-je-poludeo-trump-ostro-kritikovao-putina\/"},"modified":"2025-05-26T03:05:00","modified_gmt":"2025-05-26T03:05:00","slug":"imali-smo-veoma-dobar-odnos-nesto-mu-se-dogodilo-potpuno-je-poludeo-trump-ostro-kritikovao-putina","status":"publish","type":"post","link":"https:\/\/chicagodesavanja.us\/en\/vesti\/imali-smo-veoma-dobar-odnos-nesto-mu-se-dogodilo-potpuno-je-poludeo-trump-ostro-kritikovao-putina\/","title":{"rendered":"\u201cImali smo veoma dobar odnos, ne\u0161to mu se dogodilo, potpuno je poludeo\u201d: Trump o\u0161tro kritikovao Putina"},"content":{"rendered":"<p class=\"wp-block-paragraph\">Ameri\u010dki predsednik Donald Trump je jasno stavio do znanja da gubi strpljenje sa ruskim predsednikom Vladimirom Putinom, o\u0161tro ga kritikuju\u0107i nakon najnovijih ruskih napada dronovima i raketama na Kijev i druge ukrajinske gradove, tre\u0107u no\u0107 za redom, ali je i ukrajinskom predsedniku Volodimiru Zelenskom poru\u010dio da ne \u010dini uslugu onim \u0161to pri\u010da.<\/p>\n\n\n\n<p class=\"wp-block-paragraph\">\u201eJa sam uvek imao veoma dobar odnos sa Vladimirom Putinom, ali ne\u0161to mu se dogodilo. On je potpuno poludeo\u201d, napisao je Trump na svojoj dru\u0161tvenoj mre\u017ei Social Truth.<\/p>\n\n\n\n<p class=\"wp-block-paragraph\">On je dodao da Putin nepotrebno ubija veliki broj ljudi, ukazuju\u0107i da se rakete i dronovi \u0161alju na ukrajinske gradove bez ikakvog razloga.<\/p>\n\n\n\n<p class=\"wp-block-paragraph\">Napad protekle no\u0107i bio je najve\u0107i vazdu\u0161ni udar od po\u010detka ruskog napada na Ukrajinu u februaru 2022, naveli su ukrajinski zvani\u010dnici, dodaju\u0107i da je najmanje 12 ljudi poginulo, a na desetine su ranjene.<\/p>\n\n\n\n<p class=\"wp-block-paragraph\">Trump je upozorio da ako Putin \u017eeli da osvoji celu Ukrajinu, to \u0107e dovesti do pada Rusije.<\/p>\n\n\n\n<p class=\"wp-block-paragraph\">Predsednik SAD istovremeno je, me\u0111utim, izrazio i frustraciju zbog stava ukrajinskog predsednika Volodimira Zelenskog, isti\u010du\u0107i da on svojoj zemlji ne \u010dini uslugu na\u010dinom na koji govori i onim \u0161to pri\u010da.<\/p>\n\n\n\n<p class=\"wp-block-paragraph\">\u201cSve \u0161to iza\u0111e iz njegovih usta, stvara probleme, to mi se ne svi\u0111a, bolje bi bilo da to prestane\u201d, poru\u010dio je Trump.<\/p>\n\n\n\n<p class=\"wp-block-paragraph\">Ameri\u010dki predsednik je u vi\u0161e navrata ponovio da je nezadovoljan nemogu\u0107no\u0161\u0107u da se rat koji traje ve\u0107 tri godine zavr\u0161i, preneo je AP.<\/p>\n\n\n\n<p class=\"wp-block-paragraph\">On je ju\u010de kazao da nije zadovoljan onim \u0161to Putin radi, kao i da ne zna \u0161ta se sa njim doga\u0111a.<\/p>\n\n\n\n<p class=\"wp-block-paragraph\">\u201cJa ga dugo poznajem, uvek sam se slagao sa njim, ali on \u0161alje rakete na gradove i ubija ljude, a to mi se uop\u0161te ne svi\u0111a\u201d, poru\u010dio je Trump.<\/p>\n\n\n\n<p class=\"wp-block-paragraph\">Do mirovnog sporazuma Rusije i Ukrajine jo\u0161 nije do\u0161lo, a EU je uvela ovog meseca najnoviji paket sankcija Rusiji zbog odbijanja Putina da pristane na primirje, podsetio je AP.<\/p>\n\n\n\n<p class=\"wp-block-paragraph\">Iako je Trump pretio da \u0107e poja\u010dati sankcije i tarife Rusiji, to jo\u0161 uvek nije u\u010dinio.<\/p>\n\n\n\n<p class=\"wp-block-paragraph\" style=\"font-size:10px\">SOURCE: <a href=\"https:\/\/objektiv.rs\/vest\/1598957\/imali-smo-veoma-dobar-odnos-nesto-mu-se-dogodilo-potpuno-je-poludeo-tramp-ostro-kritikovao-putina\/\" target=\"_blank\" rel=\"noreferrer noopener\">OBJEKTIV<\/a>, PHOTO: PRINTSCREEN<\/p>","protected":false},"excerpt":{"rendered":"<p>Ameri\u010dki predsednik Donald Trump je jasno stavio do znanja da gubi strpljenje sa ruskim predsednikom Vladimirom Putinom, o\u0161tro ga kritikuju\u0107i nakon najnovijih ruskih napada dronovima i raketama na Kijev i druge ukrajinske gradove, tre\u0107u no\u0107 za redom, ali je i ukrajinskom predsedniku Volodimiru Zelenskom poru\u010dio da ne \u010dini uslugu onim \u0161to pri\u010da. \u201eJa sam uvek [&hellip;]<\/p>\n","protected":false},"author":1,"featured_media":12246,"comment_status":"","ping_status":"","sticky":false,"template":"","format":"standard","meta":{"wpai_generated_summary":"","footnotes":""},"categories":[368,431,369],"tags":[538,404,841,1037,1684,945],"class_list":["post-23460","post","type-post","status-publish","format-standard","has-post-thumbnail","hentry","category-vesti-amerika","category-svet","category-vesti","tag-amerika","tag-donald-trump","tag-rusija","tag-ukrajina","tag-usa","tag-vladimir-putin"],"_links":{"self":[{"href":"https:\/\/chicagodesavanja.us\/en\/wp-json\/wp\/v2\/posts\/23460","targetHints":{"allow":["GET"]}}],"collection":[{"href":"https:\/\/chicagodesavanja.us\/en\/wp-json\/wp\/v2\/posts"}],"about":[{"href":"https:\/\/chicagodesavanja.us\/en\/wp-json\/wp\/v2\/types\/post"}],"author":[{"embeddable":true,"href":"https:\/\/chicagodesavanja.us\/en\/wp-json\/wp\/v2\/users\/1"}],"replies":[{"embeddable":true,"href":"https:\/\/chicagodesavanja.us\/en\/wp-json\/wp\/v2\/comments?post=23460"}],"version-history":[{"count":0,"href":"https:\/\/chicagodesavanja.us\/en\/wp-json\/wp\/v2\/posts\/23460\/revisions"}],"wp:featuredmedia":[{"embeddable":true,"href":"https:\/\/chicagodesavanja.us\/en\/wp-json\/wp\/v2\/media\/12246"}],"wp:attachment":[{"href":"https:\/\/chicagodesavanja.us\/en\/wp-json\/wp\/v2\/media?parent=23460"}],"wp:term":[{"taxonomy":"category","embeddable":true,"href":"https:\/\/chicagodesavanja.us\/en\/wp-json\/wp\/v2\/categories?post=23460"},{"taxonomy":"post_tag","embeddable":true,"href":"https:\/\/chicagodesavanja.us\/en\/wp-json\/wp\/v2\/tags?post=23460"}],"curies":[{"name":"WP","href":"https:\/\/api.w.org\/{rel}","templated":true}]}}