{"id":23117,"date":"2025-06-30T03:35:00","date_gmt":"2025-06-30T03:35:00","guid":{"rendered":"https:\/\/chicagodesavanja.us\/trump-ima-kupca-za-tiktok\/"},"modified":"2025-06-30T03:35:00","modified_gmt":"2025-06-30T03:35:00","slug":"trump-ima-kupca-za-tiktok","status":"publish","type":"post","link":"https:\/\/chicagodesavanja.us\/en\/vesti\/trump-ima-kupca-za-tiktok\/","title":{"rendered":"Trump tvrdi da ima kupca za TikTok"},"content":{"rendered":"<p class=\"wp-block-paragraph\">Ameri\u010dki predsednik Donald Trump izjavio je da je prona\u0161ao kupca za aplikaciju TikTok u toj zemlji.<\/p>\n\n\n\n<p class=\"wp-block-paragraph\">Trump je u intervjuu za Fox News kazao da je kao potencijalnog kupca za TikTok prona\u0161ao grupu &#8222;veoma bogatih ljudi&#8220;, \u010diji \u0107e identitet otkriti za oko dve nedelje, prenosi Reuters.<\/p>\n\n\n\n<p class=\"wp-block-paragraph\">Trump je 18. juna po tre\u0107i put odlo\u017eio zabranu aplikacije TikToka u Sjedinjenim Ameri\u010dkim Dr\u017eavama, ukoliko njegov vlasnik, kineska kompanija ByteDance ne proda tu dru\u0161tvenu mre\u017eu.<\/p>\n\n\n\n<p class=\"wp-block-paragraph\" style=\"font-size:10px\">SOURCE: <a href=\"https:\/\/n1info.rs\/svet\/tramp-tvrdi-da-ima-kupca-za-tiktok\/\" target=\"_blank\" rel=\"noopener\">N1<\/a> PHOTO: PIXABAY<\/p>","protected":false},"excerpt":{"rendered":"<p>Ameri\u010dki predsednik Donald Trump izjavio je da je prona\u0161ao kupca za aplikaciju TikTok u toj zemlji. Trump je u intervjuu za Fox News kazao da je kao potencijalnog kupca za TikTok prona\u0161ao grupu &#8222;veoma bogatih ljudi&#8220;, \u010diji \u0107e identitet otkriti za oko dve nedelje, prenosi Reuters. Trump je 18. juna po tre\u0107i put odlo\u017eio zabranu [&hellip;]<\/p>\n","protected":false},"author":3,"featured_media":16527,"comment_status":"","ping_status":"","sticky":false,"template":"","format":"standard","meta":{"footnotes":""},"categories":[368,369],"tags":[538,27447,404,27448,796],"class_list":["post-23117","post","type-post","status-publish","format-standard","has-post-thumbnail","hentry","category-vesti-amerika","category-vesti","tag-amerika","tag-bytedance","tag-donald-trump","tag-kupac-za-tiktok","tag-tiktok"],"_links":{"self":[{"href":"https:\/\/chicagodesavanja.us\/en\/wp-json\/wp\/v2\/posts\/23117","targetHints":{"allow":["GET"]}}],"collection":[{"href":"https:\/\/chicagodesavanja.us\/en\/wp-json\/wp\/v2\/posts"}],"about":[{"href":"https:\/\/chicagodesavanja.us\/en\/wp-json\/wp\/v2\/types\/post"}],"author":[{"embeddable":true,"href":"https:\/\/chicagodesavanja.us\/en\/wp-json\/wp\/v2\/users\/3"}],"replies":[{"embeddable":true,"href":"https:\/\/chicagodesavanja.us\/en\/wp-json\/wp\/v2\/comments?post=23117"}],"version-history":[{"count":0,"href":"https:\/\/chicagodesavanja.us\/en\/wp-json\/wp\/v2\/posts\/23117\/revisions"}],"wp:featuredmedia":[{"embeddable":true,"href":"https:\/\/chicagodesavanja.us\/en\/wp-json\/wp\/v2\/media\/16527"}],"wp:attachment":[{"href":"https:\/\/chicagodesavanja.us\/en\/wp-json\/wp\/v2\/media?parent=23117"}],"wp:term":[{"taxonomy":"category","embeddable":true,"href":"https:\/\/chicagodesavanja.us\/en\/wp-json\/wp\/v2\/categories?post=23117"},{"taxonomy":"post_tag","embeddable":true,"href":"https:\/\/chicagodesavanja.us\/en\/wp-json\/wp\/v2\/tags?post=23117"}],"curies":[{"name":"WP","href":"https:\/\/api.w.org\/{rel}","templated":true}]}}