{"id":22825,"date":"2025-07-28T03:00:00","date_gmt":"2025-07-28T03:00:00","guid":{"rendered":"https:\/\/chicagodesavanja.us\/orban-buducnost-evrope-je-u-nasim-rukama-bez-migranata-i-rodnih-ideologija\/"},"modified":"2025-07-28T03:00:00","modified_gmt":"2025-07-28T03:00:00","slug":"orban-buducnost-evrope-je-u-nasim-rukama-bez-migranata-i-rodnih-ideologija","status":"publish","type":"post","link":"https:\/\/chicagodesavanja.us\/en\/vesti\/orban-buducnost-evrope-je-u-nasim-rukama-bez-migranata-i-rodnih-ideologija\/","title":{"rendered":"Orban: Budu\u0107nost Evrope je u na\u0161im rukama \u2013 bez migranata i rodnih ideologija"},"content":{"rendered":"<p class=\"wp-block-paragraph\">Ma\u0111arski premijer Viktor Orban ponovo je uzdrmao evropsku javnost izjavom da budu\u0107nost pripada Centralnoj Evropi, jer je, za razliku od Zapada, uspe\u0161no sa\u010duvala svoj identitet i izbegla masovne migracione talase.<\/p>\n\n\n\n<p class=\"wp-block-paragraph\">Na tradicionalnom Letnjem univerzitetu u rumunskom Tu\u0161nadu, Orban je poru\u010dio da zapadnoevropske zemlje ubrzano postaju me\u0161ovita dru\u0161tva, sa rastom muslimanske populacije, posebno u velikim gradovima gde, kako tvrdi, sledi demografski preokret. \u201eUskoro \u0107e u mnogim metropolama muslimani \u010diniti ve\u0107inu\u201c, upozorio je.<\/p>\n\n\n\n<p class=\"wp-block-paragraph\">On smatra da \u0107e Evropa i u narednim godinama ostati meta migranata, te da \u0107e jedan od klju\u010dnih zadataka evropskih lidera biti odbrana granica. U tom svetlu je kritikovao Zapad, tvrde\u0107i da tamo hri\u0161\u0107anstvo nije povezano sa nacionalnim identitetom, za razliku od Ma\u0111arske, gde je \u201eustavno priznato kao stub nacije\u201c.<\/p>\n\n\n\n<p class=\"wp-block-paragraph\">Orban je poru\u010dio mladima da imaju zadatak da brane svoje vrednosti, jasno odbacuju\u0107i ono \u0161to im \u201ene treba\u201c \u2013 migracije, ratove i rodne ideologije.<\/p>\n\n\n\n<p class=\"wp-block-paragraph\">Na pitanje \u0161ta bi u\u010dinio da vodi Evropsku komisiju, odgovorio je da bi vratio ravnote\u017eu mo\u0107i u EU i oduzeta ovla\u0161\u0107enja dr\u017eavama \u010dlanicama. Po njemu, EU mora biti savez u kojem se svaka zemlja ose\u0107a \u201eudobno, dobro i sre\u0107no\u201c.<\/p>\n\n\n\n<p class=\"wp-block-paragraph\">Njegove izjave ve\u0107 izazivaju burne reakcije \u0161irom Evrope, ali u Centralnoj Evropi mnogi ih vide kao poziv na otpor sve ve\u0107em spoljnjem pritisku.<\/p>\n\n\n\n<p class=\"wp-block-paragraph\" style=\"font-size:10px\">IZVOR: POLITIKA, <a href=\"https:\/\/chicagodesavanja.us\/en\/\" target=\"_blank\" rel=\"noreferrer noopener\">CHICAGO DESAVANJA<\/a><a href=\"https:\/\/aktuelnosti.us\/\" target=\"_blank\" rel=\"noopener\">,<\/a> FOTO: PRINTSCREEN<\/p>","protected":false},"excerpt":{"rendered":"<p>Ma\u0111arski premijer Viktor Orban ponovo je uzdrmao evropsku javnost izjavom da budu\u0107nost pripada Centralnoj Evropi, jer je, za razliku od Zapada, uspe\u0161no sa\u010duvala svoj identitet i izbegla masovne migracione talase. Na tradicionalnom Letnjem univerzitetu u rumunskom Tu\u0161nadu, Orban je poru\u010dio da zapadnoevropske zemlje ubrzano postaju me\u0161ovita dru\u0161tva, sa rastom muslimanske populacije, posebno u velikim gradovima [&hellip;]<\/p>\n","protected":false},"author":1,"featured_media":12323,"comment_status":"","ping_status":"","sticky":false,"template":"","format":"standard","meta":{"wpai_generated_summary":"","footnotes":""},"categories":[431,369],"tags":[25585,25586,25587,14762,25588,25589,25590,25591,1226,25592],"class_list":["post-22825","post","type-post","status-publish","format-standard","has-post-thumbnail","hentry","category-svet","category-vesti","tag-centralna-evropa","tag-eu-suverenitet","tag-hriscanski-identitet-evrope","tag-madjarska-migranti","tag-migracije-u-evropi","tag-muslimanska-populacija-evropa","tag-orban-evropska-komisija","tag-rodne-ideologije","tag-viktor-orban","tag-zastita-granica-evrope"],"_links":{"self":[{"href":"https:\/\/chicagodesavanja.us\/en\/wp-json\/wp\/v2\/posts\/22825","targetHints":{"allow":["GET"]}}],"collection":[{"href":"https:\/\/chicagodesavanja.us\/en\/wp-json\/wp\/v2\/posts"}],"about":[{"href":"https:\/\/chicagodesavanja.us\/en\/wp-json\/wp\/v2\/types\/post"}],"author":[{"embeddable":true,"href":"https:\/\/chicagodesavanja.us\/en\/wp-json\/wp\/v2\/users\/1"}],"replies":[{"embeddable":true,"href":"https:\/\/chicagodesavanja.us\/en\/wp-json\/wp\/v2\/comments?post=22825"}],"version-history":[{"count":0,"href":"https:\/\/chicagodesavanja.us\/en\/wp-json\/wp\/v2\/posts\/22825\/revisions"}],"wp:featuredmedia":[{"embeddable":true,"href":"https:\/\/chicagodesavanja.us\/en\/wp-json\/wp\/v2\/media\/12323"}],"wp:attachment":[{"href":"https:\/\/chicagodesavanja.us\/en\/wp-json\/wp\/v2\/media?parent=22825"}],"wp:term":[{"taxonomy":"category","embeddable":true,"href":"https:\/\/chicagodesavanja.us\/en\/wp-json\/wp\/v2\/categories?post=22825"},{"taxonomy":"post_tag","embeddable":true,"href":"https:\/\/chicagodesavanja.us\/en\/wp-json\/wp\/v2\/tags?post=22825"}],"curies":[{"name":"WP","href":"https:\/\/api.w.org\/{rel}","templated":true}]}}