{"id":22773,"date":"2025-08-01T03:35:00","date_gmt":"2025-08-01T03:35:00","guid":{"rendered":"https:\/\/chicagodesavanja.us\/trump-zeli-dogovor-o-okoncanju-rata-u-ukrajini-do-do-8-avgusta\/"},"modified":"2025-08-01T03:35:00","modified_gmt":"2025-08-01T03:35:00","slug":"trump-zeli-dogovor-o-okoncanju-rata-u-ukrajini-do-do-8-avgusta","status":"publish","type":"post","link":"https:\/\/chicagodesavanja.us\/en\/vesti\/trump-zeli-dogovor-o-okoncanju-rata-u-ukrajini-do-do-8-avgusta\/","title":{"rendered":"Trump &#8222;jasno stavio do znanja&#8220; da \u017eeli sporazum o okon\u010danju rata u Ukrajini do 8. avgusta"},"content":{"rendered":"<p class=\"wp-block-paragraph\">Predsednik SAD Donald Trump jasno je dao do znanja da \u017eeli dogovor za okon\u010danje rusko-ukrajinskog rata do 8. avgusta, saop\u0161tile su SAD Savetu bezbednosti Ujedinjenih nacija.<\/p>\n\n\n\n<p class=\"wp-block-paragraph\">&#8222;I Rusija i Ukrajina moraju da pregovaraju o prekidu vatre i trajnom miru. Vreme je da se postigne dogovor. Predsednik Trump je jasno rekao da to mora biti ura\u0111eno do 8. avgusta. Sjedinjene Ameri\u010dke Dr\u017eave su spremne da preduzmu dodatne mere kako bi osigurale mir&#8220;, rekao je visoki ameri\u010dki diplomata John Kely \u010dlanovima Saveta bezbednosti, prenosi Reuters.<\/p>\n\n\n\n<p class=\"wp-block-paragraph\">Ameri\u010dki predsednik je izjavio da postavlja novi rok Rusiji od 10 do 12 dana da postigne napredak ka okon\u010danju rata u Ukrajini.<\/p>\n\n\n\n<p class=\"wp-block-paragraph\">On je istakao da\u00a0ne vidi nikakav napredak na tom polju i da ukoliko ne bude postignuto primirje, da \u0107e uvesti Rusiji dodatne sankcije, ali je dodao da jo\u0161 ni\u0161ta nije isklju\u010deno i da &#8222;ko zna, mo\u017eda \u0107emo i posti\u0107i dogovor&#8220;.<\/p>\n\n\n\n<p class=\"wp-block-paragraph\">Novi plan uklju\u010duje mogu\u0107e sankcije i sekundarne carine usmerene na ruske trgovinske partnere.<\/p>\n\n\n\n<p class=\"wp-block-paragraph\">Trump je kritikovao Putina zbog pri\u010de, s jedne strane, o okon\u010danju rata, a, s druge strane, nastavka bombardovanja ukrajinskih civila.<\/p>\n\n\n\n<p class=\"wp-block-paragraph\">&#8222;A ja ka\u017eem, nije na\u010din da se to uradi&#8220;, rekao je Trump koji je izjavio da je razo\u010daran predsednikom Rusije Vladimirom Putinom i da \u0107e smanjiti rok od 50 dana koji mu je dao da se postigne dogovor o primirju u Ukrajini.<\/p>\n\n\n\n<p class=\"wp-block-paragraph\">&#8222;Razo\u010daran sam Putinom. Smanji\u0107u rok od 50 dana za postizanje dogovora o Ukrajini. Da\u0107u mu manji broj&#8220;, izjavio je Trump uo\u010di sastanka sa premijerom Velike Britanije Kirom Starmerom u \u0160kotskoj, preneo je Reuters.<\/p>\n\n\n\n<p class=\"wp-block-paragraph\" style=\"font-size:10px\">SOURCE: <a href=\"https:\/\/www.euronews.rs\/svet\/fokus\/181519\/tramp-trazi-kraj-rata-u-ukrajini-do-8-avgusta\/vest\" target=\"_blank\" rel=\"noopener\">EURONEWS<\/a> PHOTO: YOUTUBE SCREENSHOT<\/p>","protected":false},"excerpt":{"rendered":"<p>Predsednik SAD Donald Trump jasno je dao do znanja da \u017eeli dogovor za okon\u010danje rusko-ukrajinskog rata do 8. avgusta, saop\u0161tile su SAD Savetu bezbednosti Ujedinjenih nacija. &#8222;I Rusija i Ukrajina moraju da pregovaraju o prekidu vatre i trajnom miru. Vreme je da se postigne dogovor. Predsednik Trump je jasno rekao da to mora biti ura\u0111eno [&hellip;]<\/p>\n","protected":false},"author":3,"featured_media":14446,"comment_status":"","ping_status":"","sticky":false,"template":"","format":"standard","meta":{"wpai_generated_summary":"","footnotes":""},"categories":[368,369],"tags":[404,25188,1485,841,1037,945],"class_list":["post-22773","post","type-post","status-publish","format-standard","has-post-thumbnail","hentry","category-vesti-amerika","category-vesti","tag-donald-trump","tag-postizanje-dogovora","tag-rat-u-ukrajini","tag-rusija","tag-ukrajina","tag-vladimir-putin"],"_links":{"self":[{"href":"https:\/\/chicagodesavanja.us\/en\/wp-json\/wp\/v2\/posts\/22773","targetHints":{"allow":["GET"]}}],"collection":[{"href":"https:\/\/chicagodesavanja.us\/en\/wp-json\/wp\/v2\/posts"}],"about":[{"href":"https:\/\/chicagodesavanja.us\/en\/wp-json\/wp\/v2\/types\/post"}],"author":[{"embeddable":true,"href":"https:\/\/chicagodesavanja.us\/en\/wp-json\/wp\/v2\/users\/3"}],"replies":[{"embeddable":true,"href":"https:\/\/chicagodesavanja.us\/en\/wp-json\/wp\/v2\/comments?post=22773"}],"version-history":[{"count":0,"href":"https:\/\/chicagodesavanja.us\/en\/wp-json\/wp\/v2\/posts\/22773\/revisions"}],"wp:featuredmedia":[{"embeddable":true,"href":"https:\/\/chicagodesavanja.us\/en\/wp-json\/wp\/v2\/media\/14446"}],"wp:attachment":[{"href":"https:\/\/chicagodesavanja.us\/en\/wp-json\/wp\/v2\/media?parent=22773"}],"wp:term":[{"taxonomy":"category","embeddable":true,"href":"https:\/\/chicagodesavanja.us\/en\/wp-json\/wp\/v2\/categories?post=22773"},{"taxonomy":"post_tag","embeddable":true,"href":"https:\/\/chicagodesavanja.us\/en\/wp-json\/wp\/v2\/tags?post=22773"}],"curies":[{"name":"WP","href":"https:\/\/api.w.org\/{rel}","templated":true}]}}