{"id":22588,"date":"2025-08-19T03:00:00","date_gmt":"2025-08-19T03:00:00","guid":{"rendered":"https:\/\/chicagodesavanja.us\/evropa-sprema-novi-udar-na-rusiju-ursula-fon-der-lajen-otkrila-kada-stize-19-paket-sankcija\/"},"modified":"2025-08-19T03:00:00","modified_gmt":"2025-08-19T03:00:00","slug":"evropa-sprema-novi-udar-na-rusiju-ursula-fon-der-lajen-otkrila-kada-stize-19-paket-sankcija","status":"publish","type":"post","link":"https:\/\/chicagodesavanja.us\/en\/vesti\/evropa-sprema-novi-udar-na-rusiju-ursula-fon-der-lajen-otkrila-kada-stize-19-paket-sankcija\/","title":{"rendered":"Evropa sprema novi udar na Rusiju: Ursula fon der Lajen otkrila kada sti\u017ee 19. paket sankcija"},"content":{"rendered":"<p class=\"wp-block-paragraph\">Evropska unija priprema novi, 19. paket sankcija protiv Rusije, a bi\u0107e predstavljen po\u010detkom septembra \u2013 potvrdila je predsednica Evropske komisije Ursula fon der Lajen na zajedni\u010dkoj konferenciji sa predsednikom Ukrajine Volodimirom Zelenskim u Briselu.<\/p>\n\n\n\n<p class=\"wp-block-paragraph\">\u201eDo sada smo usvojili 18 paketa sankcija i radimo na slede\u0107em. Dokle god traje krvoproli\u0107e u Ukrajini, Evropa ne\u0107e popustiti \u2013 nastavi\u0107emo diplomatski i ekonomski pritisak na Rusiju\u201c, poru\u010dila je fon der Lajen.<\/p>\n\n\n\n<p class=\"wp-block-paragraph\">Ona je naglasila da su prethodne mere zna\u010dajno oslabile ratni potencijal Moskve. Zamrznuta ruska sredstva, dodala je, ve\u0107 su preusmerena za finansijsku podr\u0161ku Ukrajini. \u201eMoramo pripremiti novi paket kako bi Rusija shvatila da ostajemo odlu\u010dni i da \u0107emo nastaviti da ograni\u010davamo njen kapacitet za rat\u201c, istakla je predsednica Evropske komisije.<\/p>\n\n\n\n<p class=\"wp-block-paragraph\">Ursula Fon der Lajen je podvukla da je krajnji cilj da se predsednik Rusije Vladimir Putin primora da sedne za pregovara\u010dki sto, dok \u0107e Evropska unija i dalje ciljati rusku ratnu ekonomiju.<\/p>\n\n\n\n<p class=\"wp-block-paragraph\">\u201eSamo Ukrajina mo\u017ee odlu\u010diti o svojoj sudbini, ali Evropa \u0107e uvek biti uz nju\u201c, zaklju\u010dila je fon der Lajen.<\/p>\n\n\n\n<p class=\"wp-block-paragraph\" style=\"font-size:10px\">SOURCE: <a href=\"https:\/\/www.b92.net\/biz\/svet\/vesti\/155704\/udaraju-na-rusiju-poznato-i-kada\/vest\" target=\"_blank\" rel=\"noopener\">B92<\/a>, PHOTO: PRINTSCREEN<\/p>","protected":false},"excerpt":{"rendered":"<p>Evropska unija priprema novi, 19. paket sankcija protiv Rusije, a bi\u0107e predstavljen po\u010detkom septembra \u2013 potvrdila je predsednica Evropske komisije Ursula fon der Lajen na zajedni\u010dkoj konferenciji sa predsednikom Ukrajine Volodimirom Zelenskim u Briselu. \u201eDo sada smo usvojili 18 paketa sankcija i radimo na slede\u0107em. Dokle god traje krvoproli\u0107e u Ukrajini, Evropa ne\u0107e popustiti \u2013 [&hellip;]<\/p>\n","protected":false},"author":1,"featured_media":16992,"comment_status":"","ping_status":"","sticky":false,"template":"","format":"standard","meta":{"wpai_generated_summary":"","footnotes":""},"categories":[431,369],"tags":[1218,789,434,841,3692,10251,1037,8003,945,1487],"class_list":["post-22588","post","type-post","status-publish","format-standard","has-post-thumbnail","hentry","category-svet","category-vesti","tag-brisel","tag-eu","tag-evropska-unija","tag-rusija","tag-sankcije","tag-sankcije-rusiji","tag-ukrajina","tag-ursula-fon-der-lajen","tag-vladimir-putin","tag-volodimir-zelenski"],"_links":{"self":[{"href":"https:\/\/chicagodesavanja.us\/en\/wp-json\/wp\/v2\/posts\/22588","targetHints":{"allow":["GET"]}}],"collection":[{"href":"https:\/\/chicagodesavanja.us\/en\/wp-json\/wp\/v2\/posts"}],"about":[{"href":"https:\/\/chicagodesavanja.us\/en\/wp-json\/wp\/v2\/types\/post"}],"author":[{"embeddable":true,"href":"https:\/\/chicagodesavanja.us\/en\/wp-json\/wp\/v2\/users\/1"}],"replies":[{"embeddable":true,"href":"https:\/\/chicagodesavanja.us\/en\/wp-json\/wp\/v2\/comments?post=22588"}],"version-history":[{"count":0,"href":"https:\/\/chicagodesavanja.us\/en\/wp-json\/wp\/v2\/posts\/22588\/revisions"}],"wp:featuredmedia":[{"embeddable":true,"href":"https:\/\/chicagodesavanja.us\/en\/wp-json\/wp\/v2\/media\/16992"}],"wp:attachment":[{"href":"https:\/\/chicagodesavanja.us\/en\/wp-json\/wp\/v2\/media?parent=22588"}],"wp:term":[{"taxonomy":"category","embeddable":true,"href":"https:\/\/chicagodesavanja.us\/en\/wp-json\/wp\/v2\/categories?post=22588"},{"taxonomy":"post_tag","embeddable":true,"href":"https:\/\/chicagodesavanja.us\/en\/wp-json\/wp\/v2\/tags?post=22588"}],"curies":[{"name":"WP","href":"https:\/\/api.w.org\/{rel}","templated":true}]}}