{"id":22555,"date":"2025-08-21T03:26:00","date_gmt":"2025-08-21T03:26:00","guid":{"rendered":"https:\/\/chicagodesavanja.us\/plava-ptica-omiljena-decija-emisija\/"},"modified":"2026-05-15T10:19:40","modified_gmt":"2026-05-15T10:19:40","slug":"plava-ptica-omiljena-decija-emisija","status":"publish","type":"post","link":"https:\/\/chicagodesavanja.us\/en\/vesti\/plava-ptica-omiljena-decija-emisija\/","title":{"rendered":"Popularna emisija za decu \u201ePlava ptica\u201d\u00a0"},"content":{"rendered":"<p class=\"wp-block-paragraph\">Na inicijativu legendarnog Timotija Bajforda (autora emisija \u201eNeven\u201d i \u201ePoletarac\u201d), u subotu 15. oktobra sada ve\u0107 davne 2011. godine, Radio-televizija Srbije napravila je i emitovala prvu epizodu serijala za decu \u201ePlava ptica\u201d. <\/p>\n\n\n\n<p class=\"wp-block-paragraph\">\u201eSerijal je od svojih po\u010detaka do\u017eivljavao promene, a ono \u0161to je ostalo isto jeste komunikacija sa gledaocima. Inicijalna ideja je bila da \u2019Plava ptica\u2019 bude emisija u\u017eivo, bazirana na komunikaciji sa gledaocima. Me\u0111utim, to se nikada nije dogodilo. Od vremena kada je nastao, serijal se menjao, razvijao i sada smo do\u0161li do \u010diste igrane forme. Ali, su\u0161tina inicijalne ideje je ostala \u2013 iako nemamo kontakt u\u017eivo, imamo vrlo bogatu, stabilnu i \u017eivu komunikaciju sa decom koja nam neprestano \u0161alju pisma, mejlove i poruke, a njihovi komentari su nam apsolutni putokaz u razvijanju emisije sve ove godine. Oni nam pi\u0161u \u0161ta vole, \u0161ta im se manje dopada, \u0161ta ih zabavlja i \u0161ta im je dosadno. Naravno, to sve prolazi kroz uredni\u010dki filter, ali su\u0161tina jeste da su na\u0161i gledaoci skoro pa ravnopravni stvaraoci sa nama\u201d, ka\u017ee urednica emisije Jelena Popadi\u0107 Sumi\u0107.<\/p>\n\n\n\n<figure class=\"wp-block-embed is-type-video is-provider-youtube wp-block-embed-youtube wp-embed-aspect-16-9 wp-has-aspect-ratio\"><div class=\"wp-block-embed__wrapper\">\n<iframe loading=\"lazy\" title=\"Plava ptica 1.3.2025.\" width=\"500\" height=\"281\" src=\"https:\/\/www.youtube.com\/embed\/s_WGe41IAPg?feature=oembed\" frameborder=\"0\" allow=\"accelerometer; autoplay; clipboard-write; encrypted-media; gyroscope; picture-in-picture; web-share\" referrerpolicy=\"strict-origin-when-cross-origin\" allowfullscreen><\/iframe>\n<\/div><\/figure>\n\n\n\n<p class=\"wp-block-paragraph\"><a href=\"https:\/\/www.politika.rs\/sr\/clanak\/688632\/vise-neta-sirom-sveta-u-okviru-izabrane-postpejd-tarife)\" target=\"_blank\" rel=\"noopener\"><\/a><\/p>\n\n\n\n<p class=\"wp-block-paragraph\">A tra\u017ee deca od \u201ePlave ptice\u201d sva\u0161ta \u2013 od toga da im pomogne da napi\u0161u \u0161kolske sastave, preko toga da im poka\u017ee povr\u0161inu Meseca, pa sve do toga da im peva o dr\u017eavama za koje je retko ko \u010duo, kao \u0161to su Tuvalu ili Nauru.<\/p>\n\n\n\n<figure class=\"wp-block-image size-large\"><img decoding=\"async\" src=\"https:\/\/chicagodesavanja.us\/wp-content\/uploads\/2025\/08\/Ptica-3-1-1024x703.jpg\" alt=\"\" class=\"wp-image-16024\" \/><figcaption class=\"wp-element-caption\">Foto: Youtube printscreen<\/figcaption><\/figure>\n\n\n\n<p class=\"wp-block-paragraph\"><\/p>\n\n\n\n<p class=\"wp-block-paragraph\">Gde se peva? U rubrici geografski kutak, na koju su svi koji rade sa \u201ePlavom pticom\u201d beskrajno ponosni. Za svaku epizodu, ve\u0107 godinama unazad, pi\u0161e se originalni tekst pesme o odre\u0111enoj dr\u017eavi sveta. Uglavnom se koriste zanimljive informacije \u2013 kakve veze imaju ovce i kafa sa Etiopijom, za\u0161to su u Portugaliji kola\u010di uglavnom \u017euti i kako je nastala prva biblioteka, da panama-\u0161e\u0161ir ne poti\u010de iz Paname, ve\u0107 iz Bolivije. Na taj tekst kompozitor komponuje originalnu muziku baziranu na motivima muzike dr\u017eave o kojoj je re\u010d.<\/p>\n\n\n\n<figure class=\"wp-block-image size-large\"><img decoding=\"async\" src=\"https:\/\/chicagodesavanja.us\/wp-content\/uploads\/2025\/08\/Ptica-2-1-1024x736.jpg\" alt=\"\" class=\"wp-image-16023\" \/><figcaption class=\"wp-element-caption\">Foto: Youtube printscreen<\/figcaption><\/figure>\n\n\n\n<p class=\"wp-block-paragraph\"><\/p>\n\n\n\n<p class=\"wp-block-paragraph\"><a href=\"https:\/\/www.politika.rs\/sr\/clanak\/675183\/lidl-neradan-prvi-maj-jer-je-briga-o-zaposlenima-na-prvom-mestu)\" target=\"_blank\" rel=\"noopener\"><\/a>Jo\u0161 dva segmenta emisije deci su posebno draga. Jedan je \u201eKuhinjica\u201d u kojoj lik kuvari\u010dice uvek sprema neku interesantnu u\u017einu: paprikozi\u0107 (voz od paprike), bananosaur (dinosaurus od banane), sendvi\u010di\u0161te (senvi\u010d-\u010dudovi\u0161te)&#8230; Drugi je \u201eLov na znanje\u201d gde gusarska posada plovi i znanje lovi \u2013 uvek se obja\u0161njava neki pojam kroz vezu sa predmetima. Iz magi\u010dnog bureta izlazi predmet i ako je, recimo, re\u010d o konjima, gusari poku\u0161avaju da na\u0111u vezu izme\u0111u konja i krompira koji izlazi iz bureta \u2013 konj jede samo krompir? Ne! Konji jesu biljojedi, ali nemaju posebnu strast ka krompiru&#8230; Gusari naga\u0111aju, naga\u0111aju, a dolazak do kona\u010dnog re\u0161enja i nije tako va\u017ean jer se usput i kroz igru sazna mnogo informacija. To je jedna od NTC tehnika koja postoji i u segmentu \u201ePitalice\u201d. Na kraju svake epizode gledamo deci omiljeni eksperiment, trik ili uputstvo kako ne\u0161to napraviti.<\/p>\n\n\n\n<figure class=\"wp-block-image size-large\"><img decoding=\"async\" src=\"https:\/\/chicagodesavanja.us\/wp-content\/uploads\/2025\/08\/Ptica-1-1-1024x694.jpg\" alt=\"\" class=\"wp-image-16022\" \/><figcaption class=\"wp-element-caption\">Foto: Youtube printscreen<\/figcaption><\/figure>\n\n\n\n<p class=\"wp-block-paragraph\"><\/p>\n\n\n\n<p class=\"wp-block-paragraph\">A sve to uvezano je igranim scenama u studiju koje od ove godine predstavlja dvori\u0161te u kome su stanovnici na\u0161i dragi glumci Borka i Osman, ali i njihove dosadne kom\u0161ije \u2013 Gospo\u0111a \u017d (koja zna \u201esve od A do \u017d ili \u0160\u201d \u2013 zar je bitno) i gospodin D\u017e koji deli informacije \u201eza D\u017e\u201d. Odnosi me\u0111u njima su \u010desto jako komi\u010dni, ali su zasoljeni ljutnjom, sva\u0111om, ljubavlju i kreirani sa jedinim ciljem \u2013 da se deci nenametljivo uka\u017ee na to kako se re\u0161avaju konflikti&#8230; kako se miri, pra\u0161ta, ali i kako se ludo zabavlja.<\/p>\n\n\n\n<p class=\"wp-block-paragraph\">Setite se da \u201ePlava ptica\u201d leti svake subote u podne na Prvom programu RTS-a. Urednice i scenaristkinje emisije su Jelena Popadi\u0107 Sumi\u0107 i Dunja Petrovi\u0107. Reditelj je Miodrag Kolari\u0107, scenografkinje Tanja Ivanovi\u0107 i Mira Andrejevi\u0107, kostimografkinja Aleksandra Sto\u0161i\u0107 Krstovi\u0107, kompozitor Dragoljub Ili\u0107, muzi\u010dki urednik Dobrosav Predi\u0107, dizajner zvuka Sr\u0111an Filipovi\u0107 i monta\u017eerka Nada Dodig Zild\u017ei\u0107. Gluma\u010dku ekipu \u010dine: Borka Tomovi\u0107, Osman Ahmed, Andrijana Oliveri\u0107, Marija Medenica i Miroslav Petrovi\u0107.<\/p>\n\n\n\n<p class=\"wp-block-paragraph\" style=\"font-size:10px\">SOURCE: <a href=\"https:\/\/www.politika.rs\/sr\/clanak\/541768\/specijalni-dodaci\/plava-ptica-doletela-do-tristote-epizode\" target=\"_blank\" rel=\"noopener\">Politics<\/a> PHOTO: YOUTUBE SCREENSHOT<\/p>","protected":false},"excerpt":{"rendered":"<p>Na inicijativu legendarnog Timotija Bajforda (autora emisija \u201eNeven\u201d i \u201ePoletarac\u201d), u subotu 15. oktobra sada ve\u0107 davne 2011. godine, Radio-televizija Srbije napravila je i emitovala prvu epizodu serijala za decu \u201ePlava ptica\u201d. \u201eSerijal je od svojih po\u010detaka do\u017eivljavao promene, a ono \u0161to je ostalo isto jeste komunikacija sa gledaocima. Inicijalna ideja je bila da \u2019Plava [&hellip;]<\/p>\n","protected":false},"author":3,"featured_media":16025,"comment_status":"closed","ping_status":"","sticky":false,"template":"","format":"standard","meta":{"footnotes":""},"categories":[654],"tags":[23752,23753,23754,23755,23756,23757,23758,23759,23760,23761,23762,23763,23764,23765,23766,23767,23768,23769,23770,23771,23772,2485,23773,23774],"class_list":["post-22555","post","type-post","status-publish","format-standard","has-post-thumbnail","hentry","category-klinci","tag-andrijana-oliveric","tag-borka-tomovic","tag-deciji-eksperimenti-rts","tag-deciji-serijal-rts","tag-dunja-petrovic","tag-edukativni-program-za-decu","tag-emisija-za-decu-plava-ptica","tag-emisija-za-decu-srbija","tag-emisije-za-decu","tag-geografski-kutak-rts","tag-jelena-popadic-sumic","tag-kuhinjica-plava-ptica","tag-lov-na-znanje-rts","tag-marija-medenica","tag-miodrag-kolaric","tag-miroslav-petrovic","tag-ntc-tehnike-deca","tag-osman-ahmed","tag-pitalice-plava-ptica","tag-plava-ptica-rts","tag-rts-1-plava-ptica","tag-serije","tag-timoti-bajford","tag-zabavne-emisije-za-decu"],"_links":{"self":[{"href":"https:\/\/chicagodesavanja.us\/en\/wp-json\/wp\/v2\/posts\/22555","targetHints":{"allow":["GET"]}}],"collection":[{"href":"https:\/\/chicagodesavanja.us\/en\/wp-json\/wp\/v2\/posts"}],"about":[{"href":"https:\/\/chicagodesavanja.us\/en\/wp-json\/wp\/v2\/types\/post"}],"author":[{"embeddable":true,"href":"https:\/\/chicagodesavanja.us\/en\/wp-json\/wp\/v2\/users\/3"}],"replies":[{"embeddable":true,"href":"https:\/\/chicagodesavanja.us\/en\/wp-json\/wp\/v2\/comments?post=22555"}],"version-history":[{"count":1,"href":"https:\/\/chicagodesavanja.us\/en\/wp-json\/wp\/v2\/posts\/22555\/revisions"}],"predecessor-version":[{"id":22556,"href":"https:\/\/chicagodesavanja.us\/en\/wp-json\/wp\/v2\/posts\/22555\/revisions\/22556"}],"wp:featuredmedia":[{"embeddable":true,"href":"https:\/\/chicagodesavanja.us\/en\/wp-json\/wp\/v2\/media\/16025"}],"wp:attachment":[{"href":"https:\/\/chicagodesavanja.us\/en\/wp-json\/wp\/v2\/media?parent=22555"}],"wp:term":[{"taxonomy":"category","embeddable":true,"href":"https:\/\/chicagodesavanja.us\/en\/wp-json\/wp\/v2\/categories?post=22555"},{"taxonomy":"post_tag","embeddable":true,"href":"https:\/\/chicagodesavanja.us\/en\/wp-json\/wp\/v2\/tags?post=22555"}],"curies":[{"name":"WP","href":"https:\/\/api.w.org\/{rel}","templated":true}]}}