{"id":22477,"date":"2025-08-27T10:46:34","date_gmt":"2025-08-27T10:46:34","guid":{"rendered":"https:\/\/chicagodesavanja.us\/tri-osobe-poginule-u-napadu-u-katolickoj-skoli-u-mineapolisu\/"},"modified":"2025-08-27T10:46:34","modified_gmt":"2025-08-27T10:46:34","slug":"tri-osobe-poginule-u-napadu-u-katolickoj-skoli-u-mineapolisu","status":"publish","type":"post","link":"https:\/\/chicagodesavanja.us\/en\/vesti\/tri-osobe-poginule-u-napadu-u-katolickoj-skoli-u-mineapolisu\/","title":{"rendered":"Pucnjava u katoli\u010dkoj \u0161koli u Mineapolisu: Najmanje tri osobe poginule, 20 povre\u0111eno"},"content":{"rendered":"<p class=\"wp-block-paragraph\">Najmanje tri osobe, uklju\u010duju\u0107i napada\u010da, poginule su, a oko 20 ljudi je povre\u0111eno u pucnjavi u katoli\u010dkoj \u0161koli u ju\u017enom delu grada Mineapolis u ameri\u010dkoj saveznoj dr\u017eavi Minesota, saop\u0161tio je zvani\u010dnik ameri\u010dkog Ministarstva pravde.<\/p>\n\n\n\n<p class=\"wp-block-paragraph\">Kako prenosi CBS News, pozivaju\u0107i se na izvore, napada\u010d je izvr\u0161io samoubistvo vatrenim oru\u017ejem.<\/p>\n\n\n\n<figure class=\"wp-block-embed is-type-rich is-provider-twitter wp-block-embed-twitter\"><div class=\"wp-block-embed__wrapper\">\n<blockquote class=\"twitter-tweet\" data-width=\"500\" data-dnt=\"true\"><p lang=\"en\" dir=\"ltr\">Active Shooter at Annunciation Church in Minneapolis\ud83d\udea8<br><br>Police are relocating students from additional classrooms to the reunification center. Get real-time updates on <a href=\"https:\/\/x.com\/CitizenApp?ref_src=twsrc%5Etfw\">@CitizenApp<\/a> <a href=\"https:\/\/t.co\/TcwWg8PmzP\">pic.twitter.com\/TcwWg8PmzP<\/a><\/p>&mdash; Citizen (@CitizenApp) <a href=\"https:\/\/x.com\/CitizenApp\/status\/1960713093194960924?ref_src=twsrc%5Etfw\">August 27, 2025<\/a><\/blockquote><script async src=\"https:\/\/platform.x.com\/widgets.js\" charset=\"utf-8\"><\/script>\n<\/div><\/figure>\n\n\n\n<p class=\"wp-block-paragraph\">Veliki broj pripadnika hitnih slu\u017ebi nalazi se na licu mesta, na 54. aveniji izme\u0111u ulica Harijet i Garfild.<\/p>\n\n\n\n<p class=\"wp-block-paragraph\">Do napada je do\u0161loujutru, 27. avgusta, a prema rasporedu \u0161kole, u 8.15 \u010dasova bila je planirana misa za sve u\u010denike, pi\u0161e CBS  News.<\/p>\n\n\n\n<p class=\"wp-block-paragraph\">Guverner Minesote Tim Waltz izjavio je da je obave\u0161ten o incidentu.<\/p>\n\n\n\n<p class=\"wp-block-paragraph\">&#8222;Molim se za na\u0161u decu i nastavnike \u010dija je prva nedelja \u0161kole obele\u017eena ovim stra\u0161nim \u010dinom nasilja&#8220;,\u00a0naveo je Waltz.<\/p>\n\n\n\n<p class=\"wp-block-paragraph\">Na terenu se nalaze pripadnici vi\u0161e agencija, uklju\u010duju\u0107i FBI, dr\u017eavnu policiju i policiju grada Mineapolisa.&nbsp;<\/p>\n\n\n\n<p class=\"wp-block-paragraph\" style=\"font-size:10px\">SOURCE: <a href=\"https:\/\/www.euronews.rs\/svet\/fokus\/185080\/pucnjava-u-skoli-u-mineapolisu-troje-poginulo\/vest\" target=\"_blank\" rel=\"noopener\">EURONEWS<\/a> I FOTO: X PRINTSCREEN<\/p>","protected":false},"excerpt":{"rendered":"<p>Najmanje tri osobe, uklju\u010duju\u0107i napada\u010da, poginule su, a oko 20 ljudi je povre\u0111eno u pucnjavi u katoli\u010dkoj \u0161koli u ju\u017enom delu grada Mineapolis u ameri\u010dkoj saveznoj dr\u017eavi Minesota, saop\u0161tio je zvani\u010dnik ameri\u010dkog Ministarstva pravde. Kako prenosi CBS News, pozivaju\u0107i se na izvore, napada\u010d je izvr\u0161io samoubistvo vatrenim oru\u017ejem. Veliki broj pripadnika hitnih slu\u017ebi nalazi se [&hellip;]<\/p>\n","protected":false},"author":3,"featured_media":15888,"comment_status":"","ping_status":"","sticky":false,"template":"","format":"standard","meta":{"footnotes":""},"categories":[368,369],"tags":[538,14196,23288,23289,23290],"class_list":["post-22477","post","type-post","status-publish","format-standard","has-post-thumbnail","hentry","category-vesti-amerika","category-vesti","tag-amerika","tag-mineapolis","tag-pucnjava-amerika","tag-pucnjava-u-katolickoj-skoli","tag-tim-waltz"],"_links":{"self":[{"href":"https:\/\/chicagodesavanja.us\/en\/wp-json\/wp\/v2\/posts\/22477","targetHints":{"allow":["GET"]}}],"collection":[{"href":"https:\/\/chicagodesavanja.us\/en\/wp-json\/wp\/v2\/posts"}],"about":[{"href":"https:\/\/chicagodesavanja.us\/en\/wp-json\/wp\/v2\/types\/post"}],"author":[{"embeddable":true,"href":"https:\/\/chicagodesavanja.us\/en\/wp-json\/wp\/v2\/users\/3"}],"replies":[{"embeddable":true,"href":"https:\/\/chicagodesavanja.us\/en\/wp-json\/wp\/v2\/comments?post=22477"}],"version-history":[{"count":0,"href":"https:\/\/chicagodesavanja.us\/en\/wp-json\/wp\/v2\/posts\/22477\/revisions"}],"wp:featuredmedia":[{"embeddable":true,"href":"https:\/\/chicagodesavanja.us\/en\/wp-json\/wp\/v2\/media\/15888"}],"wp:attachment":[{"href":"https:\/\/chicagodesavanja.us\/en\/wp-json\/wp\/v2\/media?parent=22477"}],"wp:term":[{"taxonomy":"category","embeddable":true,"href":"https:\/\/chicagodesavanja.us\/en\/wp-json\/wp\/v2\/categories?post=22477"},{"taxonomy":"post_tag","embeddable":true,"href":"https:\/\/chicagodesavanja.us\/en\/wp-json\/wp\/v2\/tags?post=22477"}],"curies":[{"name":"WP","href":"https:\/\/api.w.org\/{rel}","templated":true}]}}