{"id":22408,"date":"2025-09-03T03:00:00","date_gmt":"2025-09-03T03:00:00","guid":{"rendered":"https:\/\/chicagodesavanja.us\/erdogan-zestoko-kritikovao-sad-zabrana-palestincima-je-protiv-same-svrhe-un\/"},"modified":"2025-09-03T03:00:00","modified_gmt":"2025-09-03T03:00:00","slug":"erdogan-zestoko-kritikovao-sad-zabrana-palestincima-je-protiv-same-svrhe-un","status":"publish","type":"post","link":"https:\/\/chicagodesavanja.us\/en\/vesti\/erdogan-zestoko-kritikovao-sad-zabrana-palestincima-je-protiv-same-svrhe-un\/","title":{"rendered":"Erdogan \u017eestoko kritikovao SAD: \u201eZabrana Palestincima je protiv same svrhe UN\u201c"},"content":{"rendered":"<p class=\"wp-block-paragraph\">Turski predsednik Red\u017eep Tajip Erdogan o\u0161tro je reagovao na odluku ameri\u010dke administracije da palestinskim zvani\u010dnicima uskrati vize i time im onemogu\u0107i prisustvo predstoje\u0107oj sednici Generalne skup\u0161tine Ujedinjenih nacija u Njujorku. <\/p>\n\n\n\n<p class=\"wp-block-paragraph\">Prema njegovim re\u010dima, ovaj potez nije samo nepravedan, ve\u0107 i direktno suprotan osnovnoj misiji UN \u2013 re\u0161avanju globalnih pitanja dijalogom.<\/p>\n\n\n\n<p class=\"wp-block-paragraph\">\u201eOva odluka mora hitno da se preispita. Generalna skup\u0161tina UN postoji upravo da bi se razmatrala svetska pitanja i nalazila re\u0161enja,\u201c poru\u010dio je Erdogan novinarima tokom povratka iz Kine, prenosi Reuters.<\/p>\n\n\n\n<p class=\"wp-block-paragraph\">On je naglasio da bi odsustvo palestinske delegacije zadovoljilo isklju\u010divo interese Izraela, dok bi istovremeno ugrozilo kredibilitet me\u0111unarodnih institucija. \u201eOd Sjedinjenih Ameri\u010dkih Dr\u017eava o\u010dekuje se da zaustave izraelske masakre i surovosti, a ne da dodatno ote\u017eavaju palestinski glas u svetu,\u201c dodao je turski predsednik.<\/p>\n\n\n\n<p class=\"wp-block-paragraph\">Ameri\u010dki Stejt department saop\u0161tio je da \u0107e restrikcije pogoditi \u010dlanove Palestinske oslobodila\u010dke organizacije (PLO) i Palestinske samouprave (PA). To zna\u010di da palestinski predsednik Mahmud Abas ne\u0107e mo\u0107i da odr\u017ei tradicionalni govor na godi\u0161njem skupu UN.<\/p>\n\n\n\n<p class=\"wp-block-paragraph\">Va\u0161ington je ovu odluku doneo nakon \u0161to je u julu uveo sankcije palestinskim zvani\u010dnicima, dok su pojedine evropske zemlje, poput Francuske, po\u010dele da razmatraju priznanje Dr\u017eave Palestine.<\/p>\n\n\n\n<p class=\"wp-block-paragraph\">Erdoganove re\u010di dodatno su osvetlile tenzije na relaciji Ankara\u2013Va\u0161ington i otvorile pitanje da li SAD ovakvim potezima potkopavaju multilateralni sistem. Jasno je da odluka o uskra\u0107ivanju viza prelazi okvire bilateralne politike i ima potencijal da preraste u globalni diplomatski spor.<\/p>\n\n\n\n<p class=\"wp-block-paragraph\" style=\"font-size:10px\">SOURCE: <a href=\"https:\/\/www.b92.net\/info\/svet\/160242\/erdogan-kritikovao-amerikance\/vest\" target=\"_blank\" rel=\"noreferrer noopener\">B92<\/a>, FOTO: PRINTSCTEEN<\/p>","protected":false},"excerpt":{"rendered":"<p>Turski predsednik Red\u017eep Tajip Erdogan o\u0161tro je reagovao na odluku ameri\u010dke administracije da palestinskim zvani\u010dnicima uskrati vize i time im onemogu\u0107i prisustvo predstoje\u0107oj sednici Generalne skup\u0161tine Ujedinjenih nacija u Njujorku. Prema njegovim re\u010dima, ovaj potez nije samo nepravedan, ve\u0107 i direktno suprotan osnovnoj misiji UN \u2013 re\u0161avanju globalnih pitanja dijalogom. \u201eOva odluka mora hitno da [&hellip;]<\/p>\n","protected":false},"author":1,"featured_media":18119,"comment_status":"","ping_status":"","sticky":false,"template":"","format":"standard","meta":{"footnotes":""},"categories":[368,431,369],"tags":[22970,22971,22972,21385,12683,22973,22974,22975,22976,5770],"class_list":["post-22408","post","type-post","status-publish","format-standard","has-post-thumbnail","hentry","category-vesti-amerika","category-svet","category-vesti","tag-americke-sankcije-palestina","tag-erdogan-kritika-sad","tag-erdogan-sad-palestina","tag-generalna-skupstina-un","tag-izrael-palestina","tag-mahmud-abas","tag-palestina-un","tag-palestinska-samouprava","tag-plo","tag-redzep-tajip-erdogan"],"_links":{"self":[{"href":"https:\/\/chicagodesavanja.us\/en\/wp-json\/wp\/v2\/posts\/22408","targetHints":{"allow":["GET"]}}],"collection":[{"href":"https:\/\/chicagodesavanja.us\/en\/wp-json\/wp\/v2\/posts"}],"about":[{"href":"https:\/\/chicagodesavanja.us\/en\/wp-json\/wp\/v2\/types\/post"}],"author":[{"embeddable":true,"href":"https:\/\/chicagodesavanja.us\/en\/wp-json\/wp\/v2\/users\/1"}],"replies":[{"embeddable":true,"href":"https:\/\/chicagodesavanja.us\/en\/wp-json\/wp\/v2\/comments?post=22408"}],"version-history":[{"count":0,"href":"https:\/\/chicagodesavanja.us\/en\/wp-json\/wp\/v2\/posts\/22408\/revisions"}],"wp:featuredmedia":[{"embeddable":true,"href":"https:\/\/chicagodesavanja.us\/en\/wp-json\/wp\/v2\/media\/18119"}],"wp:attachment":[{"href":"https:\/\/chicagodesavanja.us\/en\/wp-json\/wp\/v2\/media?parent=22408"}],"wp:term":[{"taxonomy":"category","embeddable":true,"href":"https:\/\/chicagodesavanja.us\/en\/wp-json\/wp\/v2\/categories?post=22408"},{"taxonomy":"post_tag","embeddable":true,"href":"https:\/\/chicagodesavanja.us\/en\/wp-json\/wp\/v2\/tags?post=22408"}],"curies":[{"name":"WP","href":"https:\/\/api.w.org\/{rel}","templated":true}]}}