{"id":22284,"date":"2025-09-13T04:37:00","date_gmt":"2025-09-13T04:37:00","guid":{"rendered":"https:\/\/chicagodesavanja.us\/amerika-obustavlja-strateski-dijalog-sa-kosovom\/"},"modified":"2025-09-13T04:37:00","modified_gmt":"2025-09-13T04:37:00","slug":"amerika-obustavlja-strateski-dijalog-sa-kosovom","status":"publish","type":"post","link":"https:\/\/chicagodesavanja.us\/en\/vesti\/amerika-obustavlja-strateski-dijalog-sa-kosovom\/","title":{"rendered":"SAD obustavljaju strate\u0161ki dijalog sa Pri\u0161tinom"},"content":{"rendered":"<p class=\"wp-block-paragraph\">Sjedinjene Ameri\u010dke Dr\u017eave su na neodre\u0111eno vreme obustavile planirani strate\u0161ki dijalog, zbog zabrinutosti zbog postupaka Vlade Kosova koji su pove\u0107ali tenzije i nestabilnost, ograni\u010davaju\u0107i sposobnost SAD da produktivno rade na zajedni\u010dkim prioritetima, saop\u0161tila je ambasada SAD u Pri\u0161tini.<\/p>\n\n\n\n<p class=\"wp-block-paragraph\">Ostajemo posve\u0107eni unapre\u0111enju zajedni\u010dkih interesa koje dele Sjedinjene Ameri\u010dke Dr\u017eave i narod Kosova, navedeno je u saop\u0161tenju ambasade SAD u Pri\u0161tini.<\/p>\n\n\n\n<p class=\"wp-block-paragraph\">&#8222;Na\u0161 odnos sa Kosovom zasniva se na zajedni\u010dkom cilju: ja\u010danju mira i stabilnosti kao osnove za me\u0111usobni ekonomski prosperitet. Na\u017ealost, nedavne akcije i izjave privremenog premijera Kurtija predstavljaju izazove za napredak postignut tokom mnogih godina. Strate\u0161ki dijalog je imao za cilj ja\u010danje ekonomskih i diplomatskih veza u korist ameri\u010dkog i kosovskog naroda. Nadamo se da \u0107emo nastaviti sa takvim naporima u budu\u0107nosti kada to bude prikladno. Znamo da je ovo cilj koji narod Kosova daje prioritet&#8220;, navodi se u saop\u0161tenju.<\/p>\n\n\n\n<p class=\"wp-block-paragraph\">Otpravnica poslova u ambasadi Anu Pratipati rekla je za koha.net da su izjave Aljbina Kurtija na sednici Glavnog odbora Pokreta Samoopredeljenje, gde se napada Ustavni sud, pove\u0107ale nestabilnost i nesigurnost na Kosovu.<\/p>\n\n\n\n<p class=\"wp-block-paragraph\">Strate\u0161ki dijalog je proces koji State Department SAD vodi s dr\u017eavama sveta radi unapre\u0111enja bilateralnih odnosa, a obuhvata razgovore na visokom nivou o \u0161irokom spektru tema kao \u0161to su odbrana, bezbednost, \u017eivotna sredina, energetika i privredna saradnja.<\/p>\n\n\n\n<p class=\"wp-block-paragraph\" style=\"font-size:10px\">SOURCE: <a href=\"https:\/\/n1info.rs\/vesti\/sad-obustavljaju-strateski-dijalog-sa-kosovom\/\" target=\"_blank\" rel=\"noopener\">N1<\/a> PHOTO: PIXABAY<\/p>","protected":false},"excerpt":{"rendered":"<p>Sjedinjene Ameri\u010dke Dr\u017eave su na neodre\u0111eno vreme obustavile planirani strate\u0161ki dijalog, zbog zabrinutosti zbog postupaka Vlade Kosova koji su pove\u0107ali tenzije i nestabilnost, ograni\u010davaju\u0107i sposobnost SAD da produktivno rade na zajedni\u010dkim prioritetima, saop\u0161tila je ambasada SAD u Pri\u0161tini. Ostajemo posve\u0107eni unapre\u0111enju zajedni\u010dkih interesa koje dele Sjedinjene Ameri\u010dke Dr\u017eave i narod Kosova, navedeno je u saop\u0161tenju [&hellip;]<\/p>\n","protected":false},"author":3,"featured_media":15635,"comment_status":"","ping_status":"","sticky":false,"template":"","format":"standard","meta":{"wpai_generated_summary":"","footnotes":""},"categories":[431,369],"tags":[538,22262,3715,1254,22263],"class_list":["post-22284","post","type-post","status-publish","format-standard","has-post-thumbnail","hentry","category-svet","category-vesti","tag-amerika","tag-dijalog-sa-kosovom","tag-kosovo","tag-state-department","tag-strateski-dijalog"],"_links":{"self":[{"href":"https:\/\/chicagodesavanja.us\/en\/wp-json\/wp\/v2\/posts\/22284","targetHints":{"allow":["GET"]}}],"collection":[{"href":"https:\/\/chicagodesavanja.us\/en\/wp-json\/wp\/v2\/posts"}],"about":[{"href":"https:\/\/chicagodesavanja.us\/en\/wp-json\/wp\/v2\/types\/post"}],"author":[{"embeddable":true,"href":"https:\/\/chicagodesavanja.us\/en\/wp-json\/wp\/v2\/users\/3"}],"replies":[{"embeddable":true,"href":"https:\/\/chicagodesavanja.us\/en\/wp-json\/wp\/v2\/comments?post=22284"}],"version-history":[{"count":0,"href":"https:\/\/chicagodesavanja.us\/en\/wp-json\/wp\/v2\/posts\/22284\/revisions"}],"wp:featuredmedia":[{"embeddable":true,"href":"https:\/\/chicagodesavanja.us\/en\/wp-json\/wp\/v2\/media\/15635"}],"wp:attachment":[{"href":"https:\/\/chicagodesavanja.us\/en\/wp-json\/wp\/v2\/media?parent=22284"}],"wp:term":[{"taxonomy":"category","embeddable":true,"href":"https:\/\/chicagodesavanja.us\/en\/wp-json\/wp\/v2\/categories?post=22284"},{"taxonomy":"post_tag","embeddable":true,"href":"https:\/\/chicagodesavanja.us\/en\/wp-json\/wp\/v2\/tags?post=22284"}],"curies":[{"name":"WP","href":"https:\/\/api.w.org\/{rel}","templated":true}]}}