{"id":22241,"date":"2025-09-17T03:40:00","date_gmt":"2025-09-17T03:40:00","guid":{"rendered":"https:\/\/chicagodesavanja.us\/trump-ponovo-najavio-da-ce-nacionalna-garda-biti-poslata-u-cikago\/"},"modified":"2025-09-17T03:40:00","modified_gmt":"2025-09-17T03:40:00","slug":"trump-ponovo-najavio-da-ce-nacionalna-garda-biti-poslata-u-cikago","status":"publish","type":"post","link":"https:\/\/chicagodesavanja.us\/en\/vesti\/trump-ponovo-najavio-da-ce-nacionalna-garda-biti-poslata-u-cikago\/","title":{"rendered":"Trump ponovo najavio da \u0107e Nacionalna garda biti poslata u \u010cikago"},"content":{"rendered":"<p class=\"wp-block-paragraph\">Predsednik Donald Trump najavio je da \u0107e Nacionalna garda biti poslata u \u010cikago, uprkos protivljenju guvernera Illinoisa JB Pritzker-a. Odluka dolazi nakon \u0161to je Trump zavr\u0161io akciju suzbijanja kriminala u Tennessee-ju, a kao narednu metu naveo je upravo \u201eVetroviti grad\u201c.<\/p>\n\n\n\n<p class=\"wp-block-paragraph\">\u201ePritzker je ni\u0161ta. Ako bi bio pametan, rekao bi: \u2018Molim vas, do\u0111ite\u2019\u201c, izjavio je Trump pred novinarima na travnjaku Bele ku\u0107e. Time je jasno stavio do znanja da ga ne zanima stav lokalnih vlasti, koje ve\u0107 nedeljama odbacuju mogu\u0107nost ovakve intervencije.<\/p>\n\n\n\n<p class=\"wp-block-paragraph\">Iako podaci \u010cika\u0161ke policije pokazuju pad nasilnog kriminala u prvoj polovini godine, Trump tvrdi da je situacija \u201evan kontrole\u201c i da je federalna intervencija neophodna. Prethodni poku\u0161aji predsednika da po\u0161alje Gardu u \u010cikago propali su zbog protivljenja Pritzker-a, koji je taj plan nazvao politi\u010dkim trikom i dodao: \u201eGospodine predsedni\u010de, ne dolazite u \u010cikago. Niste ovde ni tra\u017eeni, ni potrebni.\u201c<\/p>\n\n\n\n<p class=\"wp-block-paragraph\">Pravna prepreka ostaje i \u010dinjenica da predsednik bez zvani\u010dnog zahteva guvernera nema punu ovla\u0161\u0107enost da koristi Gardu za policijske zadatke. U tom slu\u010daju, vojnici mogu biti raspore\u0111eni samo u podr\u0161ci \u2013 kroz logistiku, transport i obave\u0161tajne poslove \u2013 ali ne i da vr\u0161e hap\u0161enja.<\/p>\n\n\n\n<p class=\"wp-block-paragraph\">U isto vreme, imigraciona operacija \u201eMidway Blitz\u201c, koju sprovodi ICE, ve\u0107 je unela strah me\u0111u imigrantske zajednice u \u010cikagu, iako ne uklju\u010duje Nacionalnu gardu.<\/p>\n\n\n\n<p class=\"wp-block-paragraph\">Najnovija Trump-ova odluka najavljuje \u017eestok politi\u010dki sukob sa guvernerom Illinoisa, dok javnost s nestrpljenjem \u010deka rasplet oko toga da li \u0107e Nacionalna garda zaista kro\u010diti u \u010cikago.<\/p>\n\n\n\n<p class=\"wp-block-paragraph\" style=\"font-size:10px\">SOURCE: <a href=\"https:\/\/wgntv.com\/politics-3\/national-guard-chicago-trump-pritzker\/\" target=\"_blank\" rel=\"noreferrer noopener\">WGNTV<\/a>, PHOTO: PRINTSCREEN<\/p>","protected":false},"excerpt":{"rendered":"<p>Predsednik Donald Trump najavio je da \u0107e Nacionalna garda biti poslata u \u010cikago, uprkos protivljenju guvernera Illinoisa JB Pritzker-a. Odluka dolazi nakon \u0161to je Trump zavr\u0161io akciju suzbijanja kriminala u Tennessee-ju, a kao narednu metu naveo je upravo \u201eVetroviti grad\u201c. \u201ePritzker je ni\u0161ta. Ako bi bio pametan, rekao bi: \u2018Molim vas, do\u0111ite\u2019\u201c, izjavio je Trump [&hellip;]<\/p>\n","protected":false},"author":1,"featured_media":15587,"comment_status":"","ping_status":"","sticky":false,"template":"","format":"standard","meta":{"footnotes":""},"categories":[368,653,369],"tags":[370,404,22043,22044,971,13975,4070,14814,22045,22046,1215],"class_list":["post-22241","post","type-post","status-publish","format-standard","has-post-thumbnail","hentry","category-vesti-amerika","category-cikago","category-vesti","tag-cikago","tag-donald-trump","tag-ice-operacija","tag-illinois-politika","tag-jb-pritzker","tag-kriminal-u-cikagu","tag-midway-blitz","tag-nacionalna-garda-cikago","tag-pritzker-reakcija","tag-trump-odluke","tag-vesti"],"_links":{"self":[{"href":"https:\/\/chicagodesavanja.us\/en\/wp-json\/wp\/v2\/posts\/22241","targetHints":{"allow":["GET"]}}],"collection":[{"href":"https:\/\/chicagodesavanja.us\/en\/wp-json\/wp\/v2\/posts"}],"about":[{"href":"https:\/\/chicagodesavanja.us\/en\/wp-json\/wp\/v2\/types\/post"}],"author":[{"embeddable":true,"href":"https:\/\/chicagodesavanja.us\/en\/wp-json\/wp\/v2\/users\/1"}],"replies":[{"embeddable":true,"href":"https:\/\/chicagodesavanja.us\/en\/wp-json\/wp\/v2\/comments?post=22241"}],"version-history":[{"count":0,"href":"https:\/\/chicagodesavanja.us\/en\/wp-json\/wp\/v2\/posts\/22241\/revisions"}],"wp:featuredmedia":[{"embeddable":true,"href":"https:\/\/chicagodesavanja.us\/en\/wp-json\/wp\/v2\/media\/15587"}],"wp:attachment":[{"href":"https:\/\/chicagodesavanja.us\/en\/wp-json\/wp\/v2\/media?parent=22241"}],"wp:term":[{"taxonomy":"category","embeddable":true,"href":"https:\/\/chicagodesavanja.us\/en\/wp-json\/wp\/v2\/categories?post=22241"},{"taxonomy":"post_tag","embeddable":true,"href":"https:\/\/chicagodesavanja.us\/en\/wp-json\/wp\/v2\/tags?post=22241"}],"curies":[{"name":"WP","href":"https:\/\/api.w.org\/{rel}","templated":true}]}}